{"id":12723,"date":"2019-05-10T08:56:22","date_gmt":"2019-05-10T08:56:22","guid":{"rendered":"http:\/\/blogdorogeriogomes.com.br\/?p=12723"},"modified":"2019-05-10T08:56:22","modified_gmt":"2019-05-10T08:56:22","slug":"rodrigo-maia-avisa-que-camara-pode-rever-decreto-de-armas-de-bolsonaro","status":"publish","type":"post","link":"https:\/\/blogdorogeriogomes.com.br\/noticias\/2019\/05\/rodrigo-maia-avisa-que-camara-pode-rever-decreto-de-armas-de-bolsonaro\/","title":{"rendered":"Rodrigo Maia avisa que C\u00e2mara pode rever decreto de armas de Bolsonaro"},"content":{"rendered":"<p><img loading=\"lazy\" decoding=\"async\" class=\"alignnone size-medium wp-image-12724\" src=\"http:\/\/blogdorogeriogomes.com.br\/wp-content\/uploads\/2019\/05\/IMG_20190510_055312_976-300x223.jpg\" alt=\"IMG_20190510_055312_976\" width=\"300\" height=\"223\" srcset=\"https:\/\/blogdorogeriogomes.com.br\/noticias\/wp-content\/uploads\/2019\/05\/IMG_20190510_055312_976-300x223.jpg 300w, https:\/\/blogdorogeriogomes.com.br\/noticias\/wp-content\/uploads\/2019\/05\/IMG_20190510_055312_976.jpg 643w\" sizes=\"auto, (max-width: 300px) 100vw, 300px\" \/><\/p>\n<p><span style=\"font-size: 0.8rem;\">A queda de bra\u00e7o nos bastidores da pol\u00edtica em Bras\u00edlia s\u00f3 esquenta a cada ato do Governo Federal. O presidente da C\u00e2mara dos Deputados, Rodrigo Maia, garante que o decreto de armas editado por Jair Bolsonaro tem inconstitucionalidades e pode ser sustado pela Casa.\u00a0<\/span><\/p>\n<p>O decreto assinado na ter\u00e7a-feira, dia 7 de maio, flexibiliza as regras de transporte de armas para colecionadores, atiradores esportivos e ca\u00e7adores e d\u00e1 direito de porte a categorias que antes n\u00e3o eram contempladas, como pol\u00edticos com mandato, caminhoneiros e jornalistas que atuem em cobertura policial.<br \/>\nO problema \u00e9 que o Governo tem sofrido sequentes derrotas no Congresso por falta de uma base fixa de apoio. J\u00e1 h\u00e1 uma press\u00e3o dos aliados de Bolsonaro para a substitui\u00e7\u00e3o do l\u00edder do governo na C\u00e2mara, Major Vitor Hugo (PSL-GO). A falta de experi\u00eancia na articula\u00e7\u00e3o pol\u00edtica seria o principal motivo.<\/p>\n","protected":false},"excerpt":{"rendered":"<p>A queda de bra\u00e7o nos bastidores da pol\u00edtica em Bras\u00edlia s\u00f3 esquenta a cada ato do Governo Federal. O presidente da C\u00e2mara dos Deputados, Rodrigo Maia, garante que o decreto de armas editado por Jair Bolsonaro tem inconstitucionalidades e pode ser sustado pela Casa.\u00a0 O decreto assinado na ter\u00e7a-feira, dia 7 de maio, flexibiliza as regras de transporte de armas para colecionadores, atiradores esportivos e ca\u00e7adores e d\u00e1 direito de porte a categorias que antes n\u00e3o eram contempladas, como&hellip;<\/p>\n","protected":false},"author":1,"featured_media":0,"comment_status":"open","ping_status":"open","sticky":false,"template":"","format":"standard","meta":{"footnotes":""},"categories":[1],"tags":[],"class_list":["post-12723","post","type-post","status-publish","format-standard","hentry","category-noticias"],"_links":{"self":[{"href":"https:\/\/blogdorogeriogomes.com.br\/noticias\/wp-json\/wp\/v2\/posts\/12723","targetHints":{"allow":["GET"]}}],"collection":[{"href":"https:\/\/blogdorogeriogomes.com.br\/noticias\/wp-json\/wp\/v2\/posts"}],"about":[{"href":"https:\/\/blogdorogeriogomes.com.br\/noticias\/wp-json\/wp\/v2\/types\/post"}],"author":[{"embeddable":true,"href":"https:\/\/blogdorogeriogomes.com.br\/noticias\/wp-json\/wp\/v2\/users\/1"}],"replies":[{"embeddable":true,"href":"https:\/\/blogdorogeriogomes.com.br\/noticias\/wp-json\/wp\/v2\/comments?post=12723"}],"version-history":[{"count":1,"href":"https:\/\/blogdorogeriogomes.com.br\/noticias\/wp-json\/wp\/v2\/posts\/12723\/revisions"}],"predecessor-version":[{"id":12725,"href":"https:\/\/blogdorogeriogomes.com.br\/noticias\/wp-json\/wp\/v2\/posts\/12723\/revisions\/12725"}],"wp:attachment":[{"href":"https:\/\/blogdorogeriogomes.com.br\/noticias\/wp-json\/wp\/v2\/media?parent=12723"}],"wp:term":[{"taxonomy":"category","embeddable":true,"href":"https:\/\/blogdorogeriogomes.com.br\/noticias\/wp-json\/wp\/v2\/categories?post=12723"},{"taxonomy":"post_tag","embeddable":true,"href":"https:\/\/blogdorogeriogomes.com.br\/noticias\/wp-json\/wp\/v2\/tags?post=12723"}],"curies":[{"name":"wp","href":"https:\/\/api.w.org\/{rel}","templated":true}]}}