{"id":12726,"date":"2019-05-10T21:13:58","date_gmt":"2019-05-10T21:13:58","guid":{"rendered":"http:\/\/blogdorogeriogomes.com.br\/?p=12726"},"modified":"2019-05-10T21:13:58","modified_gmt":"2019-05-10T21:13:58","slug":"estudantes-e-professores-se-mobilizam-para-um-dia-nacional-em-defesa-da-educacao-no-dia-15-de-maio","status":"publish","type":"post","link":"https:\/\/blogdorogeriogomes.com.br\/noticias\/2019\/05\/estudantes-e-professores-se-mobilizam-para-um-dia-nacional-em-defesa-da-educacao-no-dia-15-de-maio\/","title":{"rendered":"Estudantes e professores se mobilizam para um Dia Nacional em Defesa da Educa\u00e7\u00e3o no dia 15 de maio"},"content":{"rendered":"<p><img loading=\"lazy\" decoding=\"async\" class=\"alignnone size-medium wp-image-12727\" src=\"http:\/\/blogdorogeriogomes.com.br\/wp-content\/uploads\/2019\/05\/IMG_20190510_181012_587-300x181.jpg\" alt=\"IMG_20190510_181012_587\" width=\"300\" height=\"181\" srcset=\"https:\/\/blogdorogeriogomes.com.br\/noticias\/wp-content\/uploads\/2019\/05\/IMG_20190510_181012_587-300x181.jpg 300w, https:\/\/blogdorogeriogomes.com.br\/noticias\/wp-content\/uploads\/2019\/05\/IMG_20190510_181012_587.jpg 398w\" sizes=\"auto, (max-width: 300px) 100vw, 300px\" \/><\/p>\n<p>Mobiliza\u00e7\u00f5es de estudantes, professores e funcion\u00e1rios de institui\u00e7\u00f5es de ensino de todo o Pa\u00eds devem se intensificar nos pr\u00f3ximos dias, por causa dos cortes or\u00e7ament\u00e1rios promovidos pelo Minist\u00e9rio da Educa\u00e7\u00e3o. Na pr\u00f3xima quarta-feira, dia 15 de maio, haver\u00e1 um Dia Nacional de Luta em Defesa da Educa\u00e7\u00e3o.<br \/>\nO clima \u00e9 de mobiliza\u00e7\u00e3o em escolas, faculdades e universidades. Nesta semana, j\u00e1 aconteceram manifesta\u00e7\u00f5es de rua em Niter\u00f3i (RJ), S\u00e3o Paulo, Jo\u00e3o Pessoa (PB), Curitiba (PR) e Salvador (BA).<br \/>\nAs centrais sindicais tamb\u00e9m iniciam mobiliza\u00e7\u00f5es para uma greve geral em 14 de junho. O principal ponto \u00e9 protestar contra a Proposta de reforma da Previd\u00eancia, que tramita na C\u00e2mara Federal. Ser\u00e1 uma oportunidade para se calcular nas ruas como est\u00e1 o \u00edndice de insatisfa\u00e7\u00e3o com o Governo Bolsonaro.<br \/>\nNesta sexta-feira, dia 10 de maio, em solenidade em Bras\u00edlia, Jair Bolsonaro falou na ocorr\u00eancia de um \u201ctsunami\u201d na pr\u00f3xima semana. A que ser\u00e1 que o presidente estaria se referindo?<\/p>\n","protected":false},"excerpt":{"rendered":"<p>Mobiliza\u00e7\u00f5es de estudantes, professores e funcion\u00e1rios de institui\u00e7\u00f5es de ensino de todo o Pa\u00eds devem se intensificar nos pr\u00f3ximos dias, por causa dos cortes or\u00e7ament\u00e1rios promovidos pelo Minist\u00e9rio da Educa\u00e7\u00e3o. Na pr\u00f3xima quarta-feira, dia 15 de maio, haver\u00e1 um Dia Nacional de Luta em Defesa da Educa\u00e7\u00e3o. O clima \u00e9 de mobiliza\u00e7\u00e3o em escolas, faculdades e universidades. Nesta semana, j\u00e1 aconteceram manifesta\u00e7\u00f5es de rua em Niter\u00f3i (RJ), S\u00e3o Paulo, Jo\u00e3o Pessoa (PB), Curitiba (PR) e Salvador (BA). As centrais&hellip;<\/p>\n","protected":false},"author":1,"featured_media":0,"comment_status":"open","ping_status":"open","sticky":false,"template":"","format":"standard","meta":{"footnotes":""},"categories":[1],"tags":[],"class_list":["post-12726","post","type-post","status-publish","format-standard","hentry","category-noticias"],"_links":{"self":[{"href":"https:\/\/blogdorogeriogomes.com.br\/noticias\/wp-json\/wp\/v2\/posts\/12726","targetHints":{"allow":["GET"]}}],"collection":[{"href":"https:\/\/blogdorogeriogomes.com.br\/noticias\/wp-json\/wp\/v2\/posts"}],"about":[{"href":"https:\/\/blogdorogeriogomes.com.br\/noticias\/wp-json\/wp\/v2\/types\/post"}],"author":[{"embeddable":true,"href":"https:\/\/blogdorogeriogomes.com.br\/noticias\/wp-json\/wp\/v2\/users\/1"}],"replies":[{"embeddable":true,"href":"https:\/\/blogdorogeriogomes.com.br\/noticias\/wp-json\/wp\/v2\/comments?post=12726"}],"version-history":[{"count":1,"href":"https:\/\/blogdorogeriogomes.com.br\/noticias\/wp-json\/wp\/v2\/posts\/12726\/revisions"}],"predecessor-version":[{"id":12728,"href":"https:\/\/blogdorogeriogomes.com.br\/noticias\/wp-json\/wp\/v2\/posts\/12726\/revisions\/12728"}],"wp:attachment":[{"href":"https:\/\/blogdorogeriogomes.com.br\/noticias\/wp-json\/wp\/v2\/media?parent=12726"}],"wp:term":[{"taxonomy":"category","embeddable":true,"href":"https:\/\/blogdorogeriogomes.com.br\/noticias\/wp-json\/wp\/v2\/categories?post=12726"},{"taxonomy":"post_tag","embeddable":true,"href":"https:\/\/blogdorogeriogomes.com.br\/noticias\/wp-json\/wp\/v2\/tags?post=12726"}],"curies":[{"name":"wp","href":"https:\/\/api.w.org\/{rel}","templated":true}]}}