{"id":12734,"date":"2019-05-13T12:26:55","date_gmt":"2019-05-13T12:26:55","guid":{"rendered":"http:\/\/blogdorogeriogomes.com.br\/?p=12734"},"modified":"2019-05-13T12:26:55","modified_gmt":"2019-05-13T12:26:55","slug":"governador-recebe-reitores-e-bancada-federal-para-discutir-reacao-ao-corte-de-verbas-na-educacao","status":"publish","type":"post","link":"https:\/\/blogdorogeriogomes.com.br\/noticias\/2019\/05\/governador-recebe-reitores-e-bancada-federal-para-discutir-reacao-ao-corte-de-verbas-na-educacao\/","title":{"rendered":"Governador recebe reitores e bancada federal para discutir rea\u00e7\u00e3o ao corte de verbas na educa\u00e7\u00e3o"},"content":{"rendered":"<p><img loading=\"lazy\" decoding=\"async\" class=\"alignnone size-medium wp-image-12735\" src=\"http:\/\/blogdorogeriogomes.com.br\/wp-content\/uploads\/2019\/05\/IMG_20190513_092203_877-300x200.jpg\" alt=\"IMG_20190513_092203_877\" width=\"300\" height=\"200\" srcset=\"https:\/\/blogdorogeriogomes.com.br\/noticias\/wp-content\/uploads\/2019\/05\/IMG_20190513_092203_877-300x200.jpg 300w, https:\/\/blogdorogeriogomes.com.br\/noticias\/wp-content\/uploads\/2019\/05\/IMG_20190513_092203_877.jpg 600w\" sizes=\"auto, (max-width: 300px) 100vw, 300px\" \/><\/p>\n<p>O corte de verbas federais nas institui\u00e7\u00f5es de n\u00edvel superior continua gerando rea\u00e7\u00f5es. No Cear\u00e1, o governador Camilo Santana re\u00fane na manh\u00e3 desta segunda-feira, dia 13 de maio, reitores das tr\u00eas universidades federais no Cear\u00e1 e do Instituto Federal de Educa\u00e7\u00e3o, Ci\u00eancia e Tecnologia do Cear\u00e1 (IFCE), al\u00e9m de deputados federais e senadores que comp\u00f5em a bancada cearense em Bras\u00edlia.<br \/>\nO objetivo do encontro \u00e9 avaliar o impacto dos cortes que chegam a 30% em verbas que envolvem custeio, pagamento de terceirizados e bolsas de pesquisa.<br \/>\nTamb\u00e9m se pretende criar uma frente parlamentar que lute para barrar o contingenciamento dos recursos definidos pelo Governo Bolsonaro, que deve provocar preju\u00edzos para a comunidade universit\u00e1ria em todo o Pa\u00eds.<br \/>\nNa pr\u00f3xima quarta-feira, dia 15 de maio, est\u00e1 prevista uma mobiliza\u00e7\u00e3o nacional de professores, estudantes e servidores das institui\u00e7\u00f5es superiores de ensino de todo o Brasil.<\/p>\n","protected":false},"excerpt":{"rendered":"<p>O corte de verbas federais nas institui\u00e7\u00f5es de n\u00edvel superior continua gerando rea\u00e7\u00f5es. No Cear\u00e1, o governador Camilo Santana re\u00fane na manh\u00e3 desta segunda-feira, dia 13 de maio, reitores das tr\u00eas universidades federais no Cear\u00e1 e do Instituto Federal de Educa\u00e7\u00e3o, Ci\u00eancia e Tecnologia do Cear\u00e1 (IFCE), al\u00e9m de deputados federais e senadores que comp\u00f5em a bancada cearense em Bras\u00edlia. O objetivo do encontro \u00e9 avaliar o impacto dos cortes que chegam a 30% em verbas que envolvem custeio,&hellip;<\/p>\n","protected":false},"author":1,"featured_media":0,"comment_status":"open","ping_status":"open","sticky":false,"template":"","format":"standard","meta":{"footnotes":""},"categories":[1],"tags":[],"class_list":["post-12734","post","type-post","status-publish","format-standard","hentry","category-noticias"],"_links":{"self":[{"href":"https:\/\/blogdorogeriogomes.com.br\/noticias\/wp-json\/wp\/v2\/posts\/12734","targetHints":{"allow":["GET"]}}],"collection":[{"href":"https:\/\/blogdorogeriogomes.com.br\/noticias\/wp-json\/wp\/v2\/posts"}],"about":[{"href":"https:\/\/blogdorogeriogomes.com.br\/noticias\/wp-json\/wp\/v2\/types\/post"}],"author":[{"embeddable":true,"href":"https:\/\/blogdorogeriogomes.com.br\/noticias\/wp-json\/wp\/v2\/users\/1"}],"replies":[{"embeddable":true,"href":"https:\/\/blogdorogeriogomes.com.br\/noticias\/wp-json\/wp\/v2\/comments?post=12734"}],"version-history":[{"count":1,"href":"https:\/\/blogdorogeriogomes.com.br\/noticias\/wp-json\/wp\/v2\/posts\/12734\/revisions"}],"predecessor-version":[{"id":12736,"href":"https:\/\/blogdorogeriogomes.com.br\/noticias\/wp-json\/wp\/v2\/posts\/12734\/revisions\/12736"}],"wp:attachment":[{"href":"https:\/\/blogdorogeriogomes.com.br\/noticias\/wp-json\/wp\/v2\/media?parent=12734"}],"wp:term":[{"taxonomy":"category","embeddable":true,"href":"https:\/\/blogdorogeriogomes.com.br\/noticias\/wp-json\/wp\/v2\/categories?post=12734"},{"taxonomy":"post_tag","embeddable":true,"href":"https:\/\/blogdorogeriogomes.com.br\/noticias\/wp-json\/wp\/v2\/tags?post=12734"}],"curies":[{"name":"wp","href":"https:\/\/api.w.org\/{rel}","templated":true}]}}