{"id":12737,"date":"2019-05-13T12:40:07","date_gmt":"2019-05-13T12:40:07","guid":{"rendered":"http:\/\/blogdorogeriogomes.com.br\/?p=12737"},"modified":"2019-05-13T12:40:07","modified_gmt":"2019-05-13T12:40:07","slug":"obras-do-minha-casa-minha-vida-no-ceara-estao-ameacadas-por-falta-de-pagamento-do-governo-federal","status":"publish","type":"post","link":"https:\/\/blogdorogeriogomes.com.br\/noticias\/2019\/05\/obras-do-minha-casa-minha-vida-no-ceara-estao-ameacadas-por-falta-de-pagamento-do-governo-federal\/","title":{"rendered":"Obras do Minha Casa, Minha Vida no Cear\u00e1 est\u00e3o amea\u00e7adas por falta de pagamento do Governo Federal"},"content":{"rendered":"<p><img loading=\"lazy\" decoding=\"async\" class=\"alignnone size-medium wp-image-12738\" src=\"http:\/\/blogdorogeriogomes.com.br\/wp-content\/uploads\/2019\/05\/IMG_20190513_093709_301-300x285.jpg\" alt=\"IMG_20190513_093709_301\" width=\"300\" height=\"285\" srcset=\"https:\/\/blogdorogeriogomes.com.br\/noticias\/wp-content\/uploads\/2019\/05\/IMG_20190513_093709_301-300x285.jpg 300w, https:\/\/blogdorogeriogomes.com.br\/noticias\/wp-content\/uploads\/2019\/05\/IMG_20190513_093709_301.jpg 374w\" sizes=\"auto, (max-width: 300px) 100vw, 300px\" \/><\/p>\n<p>Continua o cen\u00e1rio de incerteza de continuidade do Programa Federal Minha Casa, Minha Vida. A Uni\u00e3o n\u00e3o repassa os recursos para as construtoras, que executam a constru\u00e7\u00e3o dos im\u00f3veis populares, e as obras v\u00e3o sendo paralisadas. De acordo com o presidente do Sindicato da Ind\u00fastria da Constru\u00e7\u00e3o do Cear\u00e1 (Sinduscon-CE), Andr\u00e9 Montenegro, desde 18 de mar\u00e7o deste ano, o Governo Federal n\u00e3o repassa os valores.<br \/>\nNo Cear\u00e1, a constru\u00e7\u00e3o de mais de 2.200 unidades corre risco de parar. Na semana passada, o Governo descontingenciou R$ 800 milh\u00f5es em recursos do Minist\u00e9rio do Desenvolvimento Regional, pasta respons\u00e1vel pelo MCMV. Empres\u00e1rios esperam que o dinheiro seja disponibilizado para regulariza\u00e7\u00e3o dos contratos, o que ainda n\u00e3o foi garantido.<\/p>\n","protected":false},"excerpt":{"rendered":"<p>Continua o cen\u00e1rio de incerteza de continuidade do Programa Federal Minha Casa, Minha Vida. A Uni\u00e3o n\u00e3o repassa os recursos para as construtoras, que executam a constru\u00e7\u00e3o dos im\u00f3veis populares, e as obras v\u00e3o sendo paralisadas. De acordo com o presidente do Sindicato da Ind\u00fastria da Constru\u00e7\u00e3o do Cear\u00e1 (Sinduscon-CE), Andr\u00e9 Montenegro, desde 18 de mar\u00e7o deste ano, o Governo Federal n\u00e3o repassa os valores. No Cear\u00e1, a constru\u00e7\u00e3o de mais de 2.200 unidades corre risco de parar. Na&hellip;<\/p>\n","protected":false},"author":1,"featured_media":0,"comment_status":"open","ping_status":"open","sticky":false,"template":"","format":"standard","meta":{"footnotes":""},"categories":[1],"tags":[],"class_list":["post-12737","post","type-post","status-publish","format-standard","hentry","category-noticias"],"_links":{"self":[{"href":"https:\/\/blogdorogeriogomes.com.br\/noticias\/wp-json\/wp\/v2\/posts\/12737","targetHints":{"allow":["GET"]}}],"collection":[{"href":"https:\/\/blogdorogeriogomes.com.br\/noticias\/wp-json\/wp\/v2\/posts"}],"about":[{"href":"https:\/\/blogdorogeriogomes.com.br\/noticias\/wp-json\/wp\/v2\/types\/post"}],"author":[{"embeddable":true,"href":"https:\/\/blogdorogeriogomes.com.br\/noticias\/wp-json\/wp\/v2\/users\/1"}],"replies":[{"embeddable":true,"href":"https:\/\/blogdorogeriogomes.com.br\/noticias\/wp-json\/wp\/v2\/comments?post=12737"}],"version-history":[{"count":1,"href":"https:\/\/blogdorogeriogomes.com.br\/noticias\/wp-json\/wp\/v2\/posts\/12737\/revisions"}],"predecessor-version":[{"id":12739,"href":"https:\/\/blogdorogeriogomes.com.br\/noticias\/wp-json\/wp\/v2\/posts\/12737\/revisions\/12739"}],"wp:attachment":[{"href":"https:\/\/blogdorogeriogomes.com.br\/noticias\/wp-json\/wp\/v2\/media?parent=12737"}],"wp:term":[{"taxonomy":"category","embeddable":true,"href":"https:\/\/blogdorogeriogomes.com.br\/noticias\/wp-json\/wp\/v2\/categories?post=12737"},{"taxonomy":"post_tag","embeddable":true,"href":"https:\/\/blogdorogeriogomes.com.br\/noticias\/wp-json\/wp\/v2\/tags?post=12737"}],"curies":[{"name":"wp","href":"https:\/\/api.w.org\/{rel}","templated":true}]}}