{"id":12740,"date":"2019-05-13T14:43:44","date_gmt":"2019-05-13T14:43:44","guid":{"rendered":"http:\/\/blogdorogeriogomes.com.br\/?p=12740"},"modified":"2019-05-13T14:43:44","modified_gmt":"2019-05-13T14:43:44","slug":"proposta-de-reforma-da-previdencia-pode-acabar-com-pagamento-do-abono-salarial-em-cinco-estados","status":"publish","type":"post","link":"https:\/\/blogdorogeriogomes.com.br\/noticias\/2019\/05\/proposta-de-reforma-da-previdencia-pode-acabar-com-pagamento-do-abono-salarial-em-cinco-estados\/","title":{"rendered":"Proposta de Reforma da Previd\u00eancia pode acabar com pagamento do Abono Salarial em cinco estados"},"content":{"rendered":"<p><img loading=\"lazy\" decoding=\"async\" class=\"alignnone size-medium wp-image-12741\" src=\"http:\/\/blogdorogeriogomes.com.br\/wp-content\/uploads\/2019\/05\/IMG_20190513_113957_125-300x211.jpg\" alt=\"IMG_20190513_113957_125\" width=\"300\" height=\"211\" srcset=\"https:\/\/blogdorogeriogomes.com.br\/noticias\/wp-content\/uploads\/2019\/05\/IMG_20190513_113957_125-300x211.jpg 300w, https:\/\/blogdorogeriogomes.com.br\/noticias\/wp-content\/uploads\/2019\/05\/IMG_20190513_113957_125.jpg 728w\" sizes=\"auto, (max-width: 300px) 100vw, 300px\" \/><\/p>\n<p>Na forma como a reforma da Previd\u00eancia est\u00e1 apresentada pelo Governo Federal, o trabalhador que tem acesso ao Abono Salarial, em cinco estados brasileiros, pode esquecer o benef\u00edcio. Pela proposta, o crit\u00e9rio da renda mensal ser\u00e1 alterado para um sal\u00e1rio m\u00ednimo. A medida restringe bastante o grupo de trabalhadores que podem sacar o benef\u00edcio.<br \/>\nHoje, tem acesso ao Abono quem tem carteira assinada e recebe at\u00e9 dois sal\u00e1rios m\u00ednimos (R$ 1,9 mil) por m\u00eas. O valor do benef\u00edcio \u00e9 de um sal\u00e1rio m\u00ednimo (R$ 998).<br \/>\nO Abono Salarial \u00e9 destinado a trabalhadores de baixa renda e funciona como um 14\u00ba sal\u00e1rio, pago pelo governo. Pela proposta da reforma da Previd\u00eancia, o benef\u00edcio deixar\u00e1 de ser pago nos estados de S\u00e3o Paulo, Rio de Janeiro, Paran\u00e1, Santa Catarina e Rio Grande do Sul. Deputados federais do Sul e Sudeste preparam emendas na tentativa de evitar mudan\u00e7as nos par\u00e2metros e garantir o abono.<\/p>\n","protected":false},"excerpt":{"rendered":"<p>Na forma como a reforma da Previd\u00eancia est\u00e1 apresentada pelo Governo Federal, o trabalhador que tem acesso ao Abono Salarial, em cinco estados brasileiros, pode esquecer o benef\u00edcio. Pela proposta, o crit\u00e9rio da renda mensal ser\u00e1 alterado para um sal\u00e1rio m\u00ednimo. A medida restringe bastante o grupo de trabalhadores que podem sacar o benef\u00edcio. Hoje, tem acesso ao Abono quem tem carteira assinada e recebe at\u00e9 dois sal\u00e1rios m\u00ednimos (R$ 1,9 mil) por m\u00eas. O valor do benef\u00edcio \u00e9&hellip;<\/p>\n","protected":false},"author":1,"featured_media":0,"comment_status":"open","ping_status":"open","sticky":false,"template":"","format":"standard","meta":{"footnotes":""},"categories":[1],"tags":[],"class_list":["post-12740","post","type-post","status-publish","format-standard","hentry","category-noticias"],"_links":{"self":[{"href":"https:\/\/blogdorogeriogomes.com.br\/noticias\/wp-json\/wp\/v2\/posts\/12740","targetHints":{"allow":["GET"]}}],"collection":[{"href":"https:\/\/blogdorogeriogomes.com.br\/noticias\/wp-json\/wp\/v2\/posts"}],"about":[{"href":"https:\/\/blogdorogeriogomes.com.br\/noticias\/wp-json\/wp\/v2\/types\/post"}],"author":[{"embeddable":true,"href":"https:\/\/blogdorogeriogomes.com.br\/noticias\/wp-json\/wp\/v2\/users\/1"}],"replies":[{"embeddable":true,"href":"https:\/\/blogdorogeriogomes.com.br\/noticias\/wp-json\/wp\/v2\/comments?post=12740"}],"version-history":[{"count":1,"href":"https:\/\/blogdorogeriogomes.com.br\/noticias\/wp-json\/wp\/v2\/posts\/12740\/revisions"}],"predecessor-version":[{"id":12742,"href":"https:\/\/blogdorogeriogomes.com.br\/noticias\/wp-json\/wp\/v2\/posts\/12740\/revisions\/12742"}],"wp:attachment":[{"href":"https:\/\/blogdorogeriogomes.com.br\/noticias\/wp-json\/wp\/v2\/media?parent=12740"}],"wp:term":[{"taxonomy":"category","embeddable":true,"href":"https:\/\/blogdorogeriogomes.com.br\/noticias\/wp-json\/wp\/v2\/categories?post=12740"},{"taxonomy":"post_tag","embeddable":true,"href":"https:\/\/blogdorogeriogomes.com.br\/noticias\/wp-json\/wp\/v2\/tags?post=12740"}],"curies":[{"name":"wp","href":"https:\/\/api.w.org\/{rel}","templated":true}]}}