{"id":12743,"date":"2019-05-13T21:23:08","date_gmt":"2019-05-13T21:23:08","guid":{"rendered":"http:\/\/blogdorogeriogomes.com.br\/?p=12743"},"modified":"2019-05-13T21:23:08","modified_gmt":"2019-05-13T21:23:08","slug":"programa-medico-familia-fortaleza-abre-selecao-com-140-vagas","status":"publish","type":"post","link":"https:\/\/blogdorogeriogomes.com.br\/noticias\/2019\/05\/programa-medico-familia-fortaleza-abre-selecao-com-140-vagas\/","title":{"rendered":"Programa M\u00e9dico Fam\u00edlia Fortaleza abre sele\u00e7\u00e3o com 140 vagas"},"content":{"rendered":"<p><img loading=\"lazy\" decoding=\"async\" class=\"alignnone size-medium wp-image-12744\" src=\"http:\/\/blogdorogeriogomes.com.br\/wp-content\/uploads\/2019\/05\/IMG_20190513_181818_338-300x194.jpg\" alt=\"IMG_20190513_181818_338\" width=\"300\" height=\"194\" srcset=\"https:\/\/blogdorogeriogomes.com.br\/noticias\/wp-content\/uploads\/2019\/05\/IMG_20190513_181818_338-300x194.jpg 300w, https:\/\/blogdorogeriogomes.com.br\/noticias\/wp-content\/uploads\/2019\/05\/IMG_20190513_181818_338.jpg 663w\" sizes=\"auto, (max-width: 300px) 100vw, 300px\" \/><\/p>\n<p>O prefeito Roberto Cl\u00e1udio e o governador Camilo Santana assinam, nesta ter\u00e7a-feira, dia 14 de maio, o conv\u00eanio que permite dar in\u00edcio ao Programa M\u00e9dico Fam\u00edlia Fortaleza, processo seletivo que abrir\u00e1 140 vagas para profissionais m\u00e9dicos para atua\u00e7\u00e3o na Aten\u00e7\u00e3o Prim\u00e1ria \u00e0 Sa\u00fade em Fortaleza.<br \/>\nO Programa M\u00e9dico Fam\u00edlia vai ofertar o curso de P\u00f3s-Gradua\u00e7\u00e3o Lato Sensu em Aten\u00e7\u00e3o Prim\u00e1ria \u00e0 Sa\u00fade, promovido pela Secretaria de Sa\u00fade do Estado, por meio da Escola de Sa\u00fade P\u00fablica, em parceria com a Secretaria Municipal da Sa\u00fade (SMS).<br \/>\nAl\u00e9m do curso de forma\u00e7\u00e3o, os profissionais m\u00e9dicos receber\u00e3o uma bolsa no valor mensal de R$ 11.865,00, custeada pelo Tesouro Municipal de Fortaleza.<br \/>\nTamb\u00e9m nesta segunda-feira, dia 13, o Minist\u00e9rio da Sa\u00fade abriu inscri\u00e7\u00f5es para a nova etapa do Programa Mais M\u00e9dicos, que prioriza munic\u00edpios com altos \u00edndices de vulnerabilidade social. Os candidatos podem se inscrever entre os dias 27 e 29 de maio, pela internet. S\u00e3o 245 vagas em 105 munic\u00edpios do Cear\u00e1.<\/p>\n","protected":false},"excerpt":{"rendered":"<p>O prefeito Roberto Cl\u00e1udio e o governador Camilo Santana assinam, nesta ter\u00e7a-feira, dia 14 de maio, o conv\u00eanio que permite dar in\u00edcio ao Programa M\u00e9dico Fam\u00edlia Fortaleza, processo seletivo que abrir\u00e1 140 vagas para profissionais m\u00e9dicos para atua\u00e7\u00e3o na Aten\u00e7\u00e3o Prim\u00e1ria \u00e0 Sa\u00fade em Fortaleza. O Programa M\u00e9dico Fam\u00edlia vai ofertar o curso de P\u00f3s-Gradua\u00e7\u00e3o Lato Sensu em Aten\u00e7\u00e3o Prim\u00e1ria \u00e0 Sa\u00fade, promovido pela Secretaria de Sa\u00fade do Estado, por meio da Escola de Sa\u00fade P\u00fablica, em parceria com&hellip;<\/p>\n","protected":false},"author":1,"featured_media":0,"comment_status":"open","ping_status":"open","sticky":false,"template":"","format":"standard","meta":{"footnotes":""},"categories":[1],"tags":[],"class_list":["post-12743","post","type-post","status-publish","format-standard","hentry","category-noticias"],"_links":{"self":[{"href":"https:\/\/blogdorogeriogomes.com.br\/noticias\/wp-json\/wp\/v2\/posts\/12743","targetHints":{"allow":["GET"]}}],"collection":[{"href":"https:\/\/blogdorogeriogomes.com.br\/noticias\/wp-json\/wp\/v2\/posts"}],"about":[{"href":"https:\/\/blogdorogeriogomes.com.br\/noticias\/wp-json\/wp\/v2\/types\/post"}],"author":[{"embeddable":true,"href":"https:\/\/blogdorogeriogomes.com.br\/noticias\/wp-json\/wp\/v2\/users\/1"}],"replies":[{"embeddable":true,"href":"https:\/\/blogdorogeriogomes.com.br\/noticias\/wp-json\/wp\/v2\/comments?post=12743"}],"version-history":[{"count":1,"href":"https:\/\/blogdorogeriogomes.com.br\/noticias\/wp-json\/wp\/v2\/posts\/12743\/revisions"}],"predecessor-version":[{"id":12745,"href":"https:\/\/blogdorogeriogomes.com.br\/noticias\/wp-json\/wp\/v2\/posts\/12743\/revisions\/12745"}],"wp:attachment":[{"href":"https:\/\/blogdorogeriogomes.com.br\/noticias\/wp-json\/wp\/v2\/media?parent=12743"}],"wp:term":[{"taxonomy":"category","embeddable":true,"href":"https:\/\/blogdorogeriogomes.com.br\/noticias\/wp-json\/wp\/v2\/categories?post=12743"},{"taxonomy":"post_tag","embeddable":true,"href":"https:\/\/blogdorogeriogomes.com.br\/noticias\/wp-json\/wp\/v2\/tags?post=12743"}],"curies":[{"name":"wp","href":"https:\/\/api.w.org\/{rel}","templated":true}]}}