{"id":12749,"date":"2019-05-14T08:50:11","date_gmt":"2019-05-14T08:50:11","guid":{"rendered":"http:\/\/blogdorogeriogomes.com.br\/?p=12749"},"modified":"2019-05-14T08:50:11","modified_gmt":"2019-05-14T08:50:11","slug":"brasil-boicota-eventos-da-onu-sobre-mudanca-do-clima-e-preservacao-do-meio-ambiente","status":"publish","type":"post","link":"https:\/\/blogdorogeriogomes.com.br\/noticias\/2019\/05\/brasil-boicota-eventos-da-onu-sobre-mudanca-do-clima-e-preservacao-do-meio-ambiente\/","title":{"rendered":"Brasil boicota eventos da ONU sobre mudan\u00e7a do clima e preserva\u00e7\u00e3o do meio ambiente"},"content":{"rendered":"<p><img loading=\"lazy\" decoding=\"async\" class=\"alignnone size-medium wp-image-12750\" src=\"http:\/\/blogdorogeriogomes.com.br\/wp-content\/uploads\/2019\/05\/IMG_20190514_054621_996-300x200.jpg\" alt=\"IMG_20190514_054621_996\" width=\"300\" height=\"200\" srcset=\"https:\/\/blogdorogeriogomes.com.br\/noticias\/wp-content\/uploads\/2019\/05\/IMG_20190514_054621_996-300x200.jpg 300w, https:\/\/blogdorogeriogomes.com.br\/noticias\/wp-content\/uploads\/2019\/05\/IMG_20190514_054621_996-768x512.jpg 768w, https:\/\/blogdorogeriogomes.com.br\/noticias\/wp-content\/uploads\/2019\/05\/IMG_20190514_054621_996-1024x682.jpg 1024w\" sizes=\"auto, (max-width: 300px) 100vw, 300px\" \/><br \/>\nO Governo Bolsonaro j\u00e1 mostrou que n\u00e3o est\u00e1 disposto a participar de qualquer esfor\u00e7o global contra mudan\u00e7as clim\u00e1ticas. Nesta segunda-feira, dia 13 de maio, o presidente cancelou um encontro regional da ONU sobre o assunto que aconteceria em Salvador e n\u00e3o enviou representantes ao Peru para uma confer\u00eancia sobre gest\u00e3o florestal e agricultura organizada pelo Pnud (Programa das Na\u00e7\u00f5es Unidas para o Desenvolvimento).<br \/>\nO evento Semana Clim\u00e1tica Am\u00e9rica Latina e Caribe estava marcado para os dias 19 e 23 de agosto na capital baiana e seria realizado sob o marco da Conven\u00e7\u00e3o da ONU sobre Mudan\u00e7as Clim\u00e1ticas (UNFCCC).<br \/>\nO Governo Bolsonaro tem feito reiteradas cr\u00edticas ao Acordo de Paris, e v\u00e1rios membros de seu governo refutam ou minimizam as mudan\u00e7as clim\u00e1ticas, apesar do consenso cient\u00edfico. O chanceler Ernesto Ara\u00fajo diz que se trata de um \u201cdogma marxista\u201d, enquanto o ministro do Meio Ambiente, Ricardo Salles, afirma que o tema n\u00e3o \u00e9 priorit\u00e1rio.<\/p>\n","protected":false},"excerpt":{"rendered":"<p>O Governo Bolsonaro j\u00e1 mostrou que n\u00e3o est\u00e1 disposto a participar de qualquer esfor\u00e7o global contra mudan\u00e7as clim\u00e1ticas. Nesta segunda-feira, dia 13 de maio, o presidente cancelou um encontro regional da ONU sobre o assunto que aconteceria em Salvador e n\u00e3o enviou representantes ao Peru para uma confer\u00eancia sobre gest\u00e3o florestal e agricultura organizada pelo Pnud (Programa das Na\u00e7\u00f5es Unidas para o Desenvolvimento). O evento Semana Clim\u00e1tica Am\u00e9rica Latina e Caribe estava marcado para os dias 19 e 23&hellip;<\/p>\n","protected":false},"author":1,"featured_media":0,"comment_status":"open","ping_status":"open","sticky":false,"template":"","format":"standard","meta":{"footnotes":""},"categories":[1],"tags":[],"class_list":["post-12749","post","type-post","status-publish","format-standard","hentry","category-noticias"],"_links":{"self":[{"href":"https:\/\/blogdorogeriogomes.com.br\/noticias\/wp-json\/wp\/v2\/posts\/12749","targetHints":{"allow":["GET"]}}],"collection":[{"href":"https:\/\/blogdorogeriogomes.com.br\/noticias\/wp-json\/wp\/v2\/posts"}],"about":[{"href":"https:\/\/blogdorogeriogomes.com.br\/noticias\/wp-json\/wp\/v2\/types\/post"}],"author":[{"embeddable":true,"href":"https:\/\/blogdorogeriogomes.com.br\/noticias\/wp-json\/wp\/v2\/users\/1"}],"replies":[{"embeddable":true,"href":"https:\/\/blogdorogeriogomes.com.br\/noticias\/wp-json\/wp\/v2\/comments?post=12749"}],"version-history":[{"count":1,"href":"https:\/\/blogdorogeriogomes.com.br\/noticias\/wp-json\/wp\/v2\/posts\/12749\/revisions"}],"predecessor-version":[{"id":12751,"href":"https:\/\/blogdorogeriogomes.com.br\/noticias\/wp-json\/wp\/v2\/posts\/12749\/revisions\/12751"}],"wp:attachment":[{"href":"https:\/\/blogdorogeriogomes.com.br\/noticias\/wp-json\/wp\/v2\/media?parent=12749"}],"wp:term":[{"taxonomy":"category","embeddable":true,"href":"https:\/\/blogdorogeriogomes.com.br\/noticias\/wp-json\/wp\/v2\/categories?post=12749"},{"taxonomy":"post_tag","embeddable":true,"href":"https:\/\/blogdorogeriogomes.com.br\/noticias\/wp-json\/wp\/v2\/tags?post=12749"}],"curies":[{"name":"wp","href":"https:\/\/api.w.org\/{rel}","templated":true}]}}