{"id":12752,"date":"2019-05-14T09:06:08","date_gmt":"2019-05-14T09:06:08","guid":{"rendered":"http:\/\/blogdorogeriogomes.com.br\/?p=12752"},"modified":"2019-05-14T09:06:08","modified_gmt":"2019-05-14T09:06:08","slug":"secretaria-de-administracao-penitenciaria-inicia-capacitacao-profissional-de-quatro-mil-presos","status":"publish","type":"post","link":"https:\/\/blogdorogeriogomes.com.br\/noticias\/2019\/05\/secretaria-de-administracao-penitenciaria-inicia-capacitacao-profissional-de-quatro-mil-presos\/","title":{"rendered":"Secretaria de Administra\u00e7\u00e3o Penitenci\u00e1ria inicia capacita\u00e7\u00e3o profissional de quatro mil presos"},"content":{"rendered":"<p><img loading=\"lazy\" decoding=\"async\" class=\"alignnone size-medium wp-image-12753\" src=\"http:\/\/blogdorogeriogomes.com.br\/wp-content\/uploads\/2019\/05\/IMG_20190514_055818_859-300x252.jpg\" alt=\"IMG_20190514_055818_859\" width=\"300\" height=\"252\" srcset=\"https:\/\/blogdorogeriogomes.com.br\/noticias\/wp-content\/uploads\/2019\/05\/IMG_20190514_055818_859-300x252.jpg 300w, https:\/\/blogdorogeriogomes.com.br\/noticias\/wp-content\/uploads\/2019\/05\/IMG_20190514_055818_859.jpg 537w\" sizes=\"auto, (max-width: 300px) 100vw, 300px\" \/><\/p>\n<p>A Secretaria da Administra\u00e7\u00e3o Penitenci\u00e1ria e o Servi\u00e7o Nacional de Aprendizagem Industrial (Senai) iniciam, nesta ter\u00e7a-feira, dia 14 de maio, um novo ciclo de capacita\u00e7\u00e3o profissional para quatro mil internos do sistema penitenci\u00e1rio do Cear\u00e1.<br \/>\nRealizados atrav\u00e9s do projeto Sou Capaz, da Coordenadoria de Inclus\u00e3o Social do Preso e do Egresso (Cispe) da SAP, os cursos, que t\u00eam de 60 a 160 horas\/aula, ser\u00e3o realizados em dez unidades da Regi\u00e3o Metropolitana e do Interior do estado. Inform\u00e1tica, constru\u00e7\u00e3o, tecnologia, mec\u00e2nica, costura e marcenaria s\u00e3o algumas das \u00e1reas de conhecimento contempladas pelo projeto.<\/p>\n","protected":false},"excerpt":{"rendered":"<p>A Secretaria da Administra\u00e7\u00e3o Penitenci\u00e1ria e o Servi\u00e7o Nacional de Aprendizagem Industrial (Senai) iniciam, nesta ter\u00e7a-feira, dia 14 de maio, um novo ciclo de capacita\u00e7\u00e3o profissional para quatro mil internos do sistema penitenci\u00e1rio do Cear\u00e1. Realizados atrav\u00e9s do projeto Sou Capaz, da Coordenadoria de Inclus\u00e3o Social do Preso e do Egresso (Cispe) da SAP, os cursos, que t\u00eam de 60 a 160 horas\/aula, ser\u00e3o realizados em dez unidades da Regi\u00e3o Metropolitana e do Interior do estado. Inform\u00e1tica, constru\u00e7\u00e3o, tecnologia,&hellip;<\/p>\n","protected":false},"author":1,"featured_media":0,"comment_status":"open","ping_status":"open","sticky":false,"template":"","format":"standard","meta":{"footnotes":""},"categories":[1],"tags":[],"class_list":["post-12752","post","type-post","status-publish","format-standard","hentry","category-noticias"],"_links":{"self":[{"href":"https:\/\/blogdorogeriogomes.com.br\/noticias\/wp-json\/wp\/v2\/posts\/12752","targetHints":{"allow":["GET"]}}],"collection":[{"href":"https:\/\/blogdorogeriogomes.com.br\/noticias\/wp-json\/wp\/v2\/posts"}],"about":[{"href":"https:\/\/blogdorogeriogomes.com.br\/noticias\/wp-json\/wp\/v2\/types\/post"}],"author":[{"embeddable":true,"href":"https:\/\/blogdorogeriogomes.com.br\/noticias\/wp-json\/wp\/v2\/users\/1"}],"replies":[{"embeddable":true,"href":"https:\/\/blogdorogeriogomes.com.br\/noticias\/wp-json\/wp\/v2\/comments?post=12752"}],"version-history":[{"count":1,"href":"https:\/\/blogdorogeriogomes.com.br\/noticias\/wp-json\/wp\/v2\/posts\/12752\/revisions"}],"predecessor-version":[{"id":12754,"href":"https:\/\/blogdorogeriogomes.com.br\/noticias\/wp-json\/wp\/v2\/posts\/12752\/revisions\/12754"}],"wp:attachment":[{"href":"https:\/\/blogdorogeriogomes.com.br\/noticias\/wp-json\/wp\/v2\/media?parent=12752"}],"wp:term":[{"taxonomy":"category","embeddable":true,"href":"https:\/\/blogdorogeriogomes.com.br\/noticias\/wp-json\/wp\/v2\/categories?post=12752"},{"taxonomy":"post_tag","embeddable":true,"href":"https:\/\/blogdorogeriogomes.com.br\/noticias\/wp-json\/wp\/v2\/tags?post=12752"}],"curies":[{"name":"wp","href":"https:\/\/api.w.org\/{rel}","templated":true}]}}