{"id":12757,"date":"2019-05-14T22:17:01","date_gmt":"2019-05-14T22:17:01","guid":{"rendered":"http:\/\/blogdorogeriogomes.com.br\/?p=12757"},"modified":"2019-05-14T22:17:01","modified_gmt":"2019-05-14T22:17:01","slug":"camara-federal-convoca-ministro-da-educacao-para-explicar-cortes-de-verbas-nas-universidades","status":"publish","type":"post","link":"https:\/\/blogdorogeriogomes.com.br\/noticias\/2019\/05\/camara-federal-convoca-ministro-da-educacao-para-explicar-cortes-de-verbas-nas-universidades\/","title":{"rendered":"C\u00e2mara Federal convoca Ministro da Educa\u00e7\u00e3o para explicar cortes de verbas nas universidades"},"content":{"rendered":"<p><img loading=\"lazy\" decoding=\"async\" class=\"alignnone size-medium wp-image-12758\" src=\"http:\/\/blogdorogeriogomes.com.br\/wp-content\/uploads\/2019\/05\/IMG_20190514_191210_990-300x203.jpg\" alt=\"IMG_20190514_191210_990\" width=\"300\" height=\"203\" srcset=\"https:\/\/blogdorogeriogomes.com.br\/noticias\/wp-content\/uploads\/2019\/05\/IMG_20190514_191210_990-300x203.jpg 300w, https:\/\/blogdorogeriogomes.com.br\/noticias\/wp-content\/uploads\/2019\/05\/IMG_20190514_191210_990-768x520.jpg 768w, https:\/\/blogdorogeriogomes.com.br\/noticias\/wp-content\/uploads\/2019\/05\/IMG_20190514_191210_990.jpg 789w\" sizes=\"auto, (max-width: 300px) 100vw, 300px\" \/><\/p>\n<p>Na v\u00e9spera dos protestos de estudantes e professores nas universidades federais, a C\u00e2mara dos Deputados aprovou, nesta ter\u00e7a-feira, dia 14 de maio, em Bras\u00edlia,um requerimento de convoca\u00e7\u00e3o do ministro da Educa\u00e7\u00e3o, Abraham Weintraub. O objetivo \u00e9 fazer com que o ministro explique j\u00e1 nesta quarta-feira, dia 15, o corte de investimentos no setor, sobretudo o contingenciamento de 30% no or\u00e7amento das universidades e institutos federais. Weintraub ser\u00e1 obrigado a comparecer prestar esclarecimentos ao plen\u00e1rio da Casa.<br \/>\nParalelo \u00e0 audi\u00eancia com o chefe do MEC, estudantes, professores e ativistas da educa\u00e7\u00e3o realizar\u00e3o protestos em 26 estados e no Distrito Federal.<\/p>\n","protected":false},"excerpt":{"rendered":"<p>Na v\u00e9spera dos protestos de estudantes e professores nas universidades federais, a C\u00e2mara dos Deputados aprovou, nesta ter\u00e7a-feira, dia 14 de maio, em Bras\u00edlia,um requerimento de convoca\u00e7\u00e3o do ministro da Educa\u00e7\u00e3o, Abraham Weintraub. O objetivo \u00e9 fazer com que o ministro explique j\u00e1 nesta quarta-feira, dia 15, o corte de investimentos no setor, sobretudo o contingenciamento de 30% no or\u00e7amento das universidades e institutos federais. Weintraub ser\u00e1 obrigado a comparecer prestar esclarecimentos ao plen\u00e1rio da Casa. Paralelo \u00e0 audi\u00eancia&hellip;<\/p>\n","protected":false},"author":1,"featured_media":0,"comment_status":"open","ping_status":"open","sticky":false,"template":"","format":"standard","meta":{"footnotes":""},"categories":[1],"tags":[],"class_list":["post-12757","post","type-post","status-publish","format-standard","hentry","category-noticias"],"_links":{"self":[{"href":"https:\/\/blogdorogeriogomes.com.br\/noticias\/wp-json\/wp\/v2\/posts\/12757","targetHints":{"allow":["GET"]}}],"collection":[{"href":"https:\/\/blogdorogeriogomes.com.br\/noticias\/wp-json\/wp\/v2\/posts"}],"about":[{"href":"https:\/\/blogdorogeriogomes.com.br\/noticias\/wp-json\/wp\/v2\/types\/post"}],"author":[{"embeddable":true,"href":"https:\/\/blogdorogeriogomes.com.br\/noticias\/wp-json\/wp\/v2\/users\/1"}],"replies":[{"embeddable":true,"href":"https:\/\/blogdorogeriogomes.com.br\/noticias\/wp-json\/wp\/v2\/comments?post=12757"}],"version-history":[{"count":1,"href":"https:\/\/blogdorogeriogomes.com.br\/noticias\/wp-json\/wp\/v2\/posts\/12757\/revisions"}],"predecessor-version":[{"id":12759,"href":"https:\/\/blogdorogeriogomes.com.br\/noticias\/wp-json\/wp\/v2\/posts\/12757\/revisions\/12759"}],"wp:attachment":[{"href":"https:\/\/blogdorogeriogomes.com.br\/noticias\/wp-json\/wp\/v2\/media?parent=12757"}],"wp:term":[{"taxonomy":"category","embeddable":true,"href":"https:\/\/blogdorogeriogomes.com.br\/noticias\/wp-json\/wp\/v2\/categories?post=12757"},{"taxonomy":"post_tag","embeddable":true,"href":"https:\/\/blogdorogeriogomes.com.br\/noticias\/wp-json\/wp\/v2\/tags?post=12757"}],"curies":[{"name":"wp","href":"https:\/\/api.w.org\/{rel}","templated":true}]}}