{"id":12760,"date":"2019-05-14T22:31:57","date_gmt":"2019-05-14T22:31:57","guid":{"rendered":"http:\/\/blogdorogeriogomes.com.br\/?p=12760"},"modified":"2019-05-14T22:31:57","modified_gmt":"2019-05-14T22:31:57","slug":"etufor-vai-iniciar-fiscalizacao-a-identificacao-de-veiculos-que-fazem-transporte-por-aplicativos","status":"publish","type":"post","link":"https:\/\/blogdorogeriogomes.com.br\/noticias\/2019\/05\/etufor-vai-iniciar-fiscalizacao-a-identificacao-de-veiculos-que-fazem-transporte-por-aplicativos\/","title":{"rendered":"Etufor vai iniciar fiscaliza\u00e7\u00e3o a identifica\u00e7\u00e3o de ve\u00edculos que fazem transporte por aplicativos"},"content":{"rendered":"<p><img loading=\"lazy\" decoding=\"async\" class=\"alignnone size-medium wp-image-12761\" src=\"http:\/\/blogdorogeriogomes.com.br\/wp-content\/uploads\/2019\/05\/IMG_20190514_192616_128-300x225.jpg\" alt=\"IMG_20190514_192616_128\" width=\"300\" height=\"225\" srcset=\"https:\/\/blogdorogeriogomes.com.br\/noticias\/wp-content\/uploads\/2019\/05\/IMG_20190514_192616_128-300x225.jpg 300w, https:\/\/blogdorogeriogomes.com.br\/noticias\/wp-content\/uploads\/2019\/05\/IMG_20190514_192616_128.jpg 400w\" sizes=\"auto, (max-width: 300px) 100vw, 300px\" \/><\/p>\n<p>A Etufor j\u00e1<span style=\"font-size: 0.8rem;\">\u00a0define a\u00e7\u00f5es de fiscaliza\u00e7\u00e3o a ve\u00edculos que realizam transporte de passageiros por meio de aplicativos em Fortaleza. Agora, \u00e9 necess\u00e1rio que esses ve\u00edculos tenham identifica\u00e7\u00e3o oficial. A determina\u00e7\u00e3o \u00e9 do decreto de lei n\u00ba 14.415, de 3 de maio, que obriga tamb\u00e9m a retirada de pain\u00e9is em led instalados dentro ou fora dos ve\u00edculos para identificar a logomarcas dos apps.\u00a0<\/span><\/p>\n<p>Plataformas digitais como Uber e 99 ter\u00e3o de usar um adesivo no canto direito superior do vidro traseiro e um selo de vistoria emitido pela Empresa de Transporte Urbano de Fortaleza (Etufor).<br \/>\nO motorista que n\u00e3o obedecer a determina\u00e7\u00e3o poder\u00e1 pagar multa de R$ 1.500 reais e ter o ve\u00edculo apreendido pela Prefeitura de Fortaleza.<\/p>\n","protected":false},"excerpt":{"rendered":"<p>A Etufor j\u00e1\u00a0define a\u00e7\u00f5es de fiscaliza\u00e7\u00e3o a ve\u00edculos que realizam transporte de passageiros por meio de aplicativos em Fortaleza. Agora, \u00e9 necess\u00e1rio que esses ve\u00edculos tenham identifica\u00e7\u00e3o oficial. A determina\u00e7\u00e3o \u00e9 do decreto de lei n\u00ba 14.415, de 3 de maio, que obriga tamb\u00e9m a retirada de pain\u00e9is em led instalados dentro ou fora dos ve\u00edculos para identificar a logomarcas dos apps.\u00a0 Plataformas digitais como Uber e 99 ter\u00e3o de usar um adesivo no canto direito superior do vidro&hellip;<\/p>\n","protected":false},"author":1,"featured_media":0,"comment_status":"open","ping_status":"open","sticky":false,"template":"","format":"standard","meta":{"footnotes":""},"categories":[1],"tags":[],"class_list":["post-12760","post","type-post","status-publish","format-standard","hentry","category-noticias"],"_links":{"self":[{"href":"https:\/\/blogdorogeriogomes.com.br\/noticias\/wp-json\/wp\/v2\/posts\/12760","targetHints":{"allow":["GET"]}}],"collection":[{"href":"https:\/\/blogdorogeriogomes.com.br\/noticias\/wp-json\/wp\/v2\/posts"}],"about":[{"href":"https:\/\/blogdorogeriogomes.com.br\/noticias\/wp-json\/wp\/v2\/types\/post"}],"author":[{"embeddable":true,"href":"https:\/\/blogdorogeriogomes.com.br\/noticias\/wp-json\/wp\/v2\/users\/1"}],"replies":[{"embeddable":true,"href":"https:\/\/blogdorogeriogomes.com.br\/noticias\/wp-json\/wp\/v2\/comments?post=12760"}],"version-history":[{"count":1,"href":"https:\/\/blogdorogeriogomes.com.br\/noticias\/wp-json\/wp\/v2\/posts\/12760\/revisions"}],"predecessor-version":[{"id":12762,"href":"https:\/\/blogdorogeriogomes.com.br\/noticias\/wp-json\/wp\/v2\/posts\/12760\/revisions\/12762"}],"wp:attachment":[{"href":"https:\/\/blogdorogeriogomes.com.br\/noticias\/wp-json\/wp\/v2\/media?parent=12760"}],"wp:term":[{"taxonomy":"category","embeddable":true,"href":"https:\/\/blogdorogeriogomes.com.br\/noticias\/wp-json\/wp\/v2\/categories?post=12760"},{"taxonomy":"post_tag","embeddable":true,"href":"https:\/\/blogdorogeriogomes.com.br\/noticias\/wp-json\/wp\/v2\/tags?post=12760"}],"curies":[{"name":"wp","href":"https:\/\/api.w.org\/{rel}","templated":true}]}}