{"id":12764,"date":"2019-05-14T22:45:54","date_gmt":"2019-05-14T22:45:54","guid":{"rendered":"http:\/\/blogdorogeriogomes.com.br\/?p=12764"},"modified":"2019-05-14T22:45:54","modified_gmt":"2019-05-14T22:45:54","slug":"stj-garante-liberdade-novamente-a-temer-e-coronel-lima","status":"publish","type":"post","link":"https:\/\/blogdorogeriogomes.com.br\/noticias\/2019\/05\/stj-garante-liberdade-novamente-a-temer-e-coronel-lima\/","title":{"rendered":"STJ garante liberdade novamente a Temer e Coronel Lima"},"content":{"rendered":"<p><img loading=\"lazy\" decoding=\"async\" class=\"alignnone size-medium wp-image-12765\" src=\"http:\/\/blogdorogeriogomes.com.br\/wp-content\/uploads\/2019\/05\/IMG_20190514_194020_351-300x252.jpg\" alt=\"IMG_20190514_194020_351\" width=\"300\" height=\"252\" srcset=\"https:\/\/blogdorogeriogomes.com.br\/noticias\/wp-content\/uploads\/2019\/05\/IMG_20190514_194020_351-300x252.jpg 300w, https:\/\/blogdorogeriogomes.com.br\/noticias\/wp-content\/uploads\/2019\/05\/IMG_20190514_194020_351.jpg 539w\" sizes=\"auto, (max-width: 300px) 100vw, 300px\" \/><\/p>\n<p>Temer\u00a0<span style=\"font-size: 0.8rem;\">ganha liberdade novamente. Por unanimidade, os quatro ministros da sexta turma do Superior Tribunal de Justi\u00e7a (STJ) decidiram colocar em liberdade o ex-presidente Michel Temer, preso desde o dia 9 de maio.<\/span><\/p>\n<p>A decis\u00e3o do STJ se estende tamb\u00e9m a Jo\u00e3o Baptista Lima Filho, o coronel Lima. Temer \u00e9 acusado de ser o l\u00edder de uma organiza\u00e7\u00e3o criminosa que desviava recursos p\u00fablicos e Lima \u00e9 apontado pelos procuradores como um dos principais operadores de Temer no esquema.<br \/>\nTemer e Lima ser\u00e3o submetidos a seis outras medidas cautelares como: reten\u00e7\u00e3o dos passaportes; proibi\u00e7\u00e3o de mudan\u00e7a de domic\u00edlio ou viagem ao exterior sem autoriza\u00e7\u00e3o da Justi\u00e7a; proibi\u00e7\u00e3o de contato com outros investigados do processo; bloqueio de bens at\u00e9 o limite do dano investigado; proibi\u00e7\u00e3o de contato com pessoas jur\u00eddicas ligadas ao processo e proibi\u00e7\u00e3o de exerc\u00edcio de cargo p\u00fablico e dire\u00e7\u00e3o partid\u00e1ria.<\/p>\n","protected":false},"excerpt":{"rendered":"<p>Temer\u00a0ganha liberdade novamente. Por unanimidade, os quatro ministros da sexta turma do Superior Tribunal de Justi\u00e7a (STJ) decidiram colocar em liberdade o ex-presidente Michel Temer, preso desde o dia 9 de maio. A decis\u00e3o do STJ se estende tamb\u00e9m a Jo\u00e3o Baptista Lima Filho, o coronel Lima. Temer \u00e9 acusado de ser o l\u00edder de uma organiza\u00e7\u00e3o criminosa que desviava recursos p\u00fablicos e Lima \u00e9 apontado pelos procuradores como um dos principais operadores de Temer no esquema. Temer e&hellip;<\/p>\n","protected":false},"author":1,"featured_media":0,"comment_status":"open","ping_status":"open","sticky":false,"template":"","format":"standard","meta":{"footnotes":""},"categories":[1],"tags":[],"class_list":["post-12764","post","type-post","status-publish","format-standard","hentry","category-noticias"],"_links":{"self":[{"href":"https:\/\/blogdorogeriogomes.com.br\/noticias\/wp-json\/wp\/v2\/posts\/12764","targetHints":{"allow":["GET"]}}],"collection":[{"href":"https:\/\/blogdorogeriogomes.com.br\/noticias\/wp-json\/wp\/v2\/posts"}],"about":[{"href":"https:\/\/blogdorogeriogomes.com.br\/noticias\/wp-json\/wp\/v2\/types\/post"}],"author":[{"embeddable":true,"href":"https:\/\/blogdorogeriogomes.com.br\/noticias\/wp-json\/wp\/v2\/users\/1"}],"replies":[{"embeddable":true,"href":"https:\/\/blogdorogeriogomes.com.br\/noticias\/wp-json\/wp\/v2\/comments?post=12764"}],"version-history":[{"count":1,"href":"https:\/\/blogdorogeriogomes.com.br\/noticias\/wp-json\/wp\/v2\/posts\/12764\/revisions"}],"predecessor-version":[{"id":12766,"href":"https:\/\/blogdorogeriogomes.com.br\/noticias\/wp-json\/wp\/v2\/posts\/12764\/revisions\/12766"}],"wp:attachment":[{"href":"https:\/\/blogdorogeriogomes.com.br\/noticias\/wp-json\/wp\/v2\/media?parent=12764"}],"wp:term":[{"taxonomy":"category","embeddable":true,"href":"https:\/\/blogdorogeriogomes.com.br\/noticias\/wp-json\/wp\/v2\/categories?post=12764"},{"taxonomy":"post_tag","embeddable":true,"href":"https:\/\/blogdorogeriogomes.com.br\/noticias\/wp-json\/wp\/v2\/tags?post=12764"}],"curies":[{"name":"wp","href":"https:\/\/api.w.org\/{rel}","templated":true}]}}