{"id":12770,"date":"2019-05-15T20:58:20","date_gmt":"2019-05-15T20:58:20","guid":{"rendered":"http:\/\/blogdorogeriogomes.com.br\/?p=12770"},"modified":"2019-05-15T20:58:20","modified_gmt":"2019-05-15T20:58:20","slug":"protestos-em-todo-o-pais-mostram-insatisfacao-com-a-falta-de-politica-educacional-e-cortes-no-setor","status":"publish","type":"post","link":"https:\/\/blogdorogeriogomes.com.br\/noticias\/2019\/05\/protestos-em-todo-o-pais-mostram-insatisfacao-com-a-falta-de-politica-educacional-e-cortes-no-setor\/","title":{"rendered":"Protestos em todo o Pa\u00eds mostram insatisfa\u00e7\u00e3o com a falta de pol\u00edtica educacional e cortes no setor"},"content":{"rendered":"<p><img loading=\"lazy\" decoding=\"async\" class=\"alignnone size-medium wp-image-12771\" src=\"http:\/\/blogdorogeriogomes.com.br\/wp-content\/uploads\/2019\/05\/IMG_20190515_175115_807-300x197.jpg\" alt=\"IMG_20190515_175115_807\" width=\"300\" height=\"197\" srcset=\"https:\/\/blogdorogeriogomes.com.br\/noticias\/wp-content\/uploads\/2019\/05\/IMG_20190515_175115_807-300x197.jpg 300w, https:\/\/blogdorogeriogomes.com.br\/noticias\/wp-content\/uploads\/2019\/05\/IMG_20190515_175115_807-768x505.jpg 768w, https:\/\/blogdorogeriogomes.com.br\/noticias\/wp-content\/uploads\/2019\/05\/IMG_20190515_175115_807-1024x673.jpg 1024w, https:\/\/blogdorogeriogomes.com.br\/noticias\/wp-content\/uploads\/2019\/05\/IMG_20190515_175115_807.jpg 1096w\" sizes=\"auto, (max-width: 300px) 100vw, 300px\" \/><\/p>\n<p>A for\u00e7a das manifesta\u00e7\u00f5es que tomam conta de 26 estados e mais o Distrito Federal mostra que o setor educacional n\u00e3o est\u00e1 disposto a aceitar os cortes de recursos propostos pelo Governo Bolsonaro, que atingem n\u00e3o s\u00f3 o ensino superior, como tamb\u00e9m o ensino b\u00e1sico. Nas universidades federais, o contingenciamento chega a 30%.<br \/>\nEm Fortaleza, cerca de 50 mil pessoas participaram da mobiliza\u00e7\u00e3o que percorreu ruas e avenida das do Benfica e do Centro. No interior cearense, houve registro de protestos em Reden\u00e7\u00e3o, onde fica a sede da Unilab; em Crato e Juazeiro do Norte, onde est\u00e1 a Universidade Federal do Cariri; como tamb\u00e9m nos munic\u00edpios de Iguatu, Crate\u00fas, Sobral, Cedro, Quixad\u00e1, Russas, Quixeramobim, Tau\u00e1 e Paracuru.<br \/>\nRepresentantes de centrais sindicais participaram dos atos em v\u00e1rias cidades do Pa\u00eds e j\u00e1 come\u00e7am a convocar uma greve geral para o dia 14 de junho, onde tamb\u00e9m se pretende protestar contra a reforma da Previd\u00eancia.<\/p>\n<p>&nbsp;<\/p>\n<p>Foto: Luiz Regadas<\/p>\n","protected":false},"excerpt":{"rendered":"<p>A for\u00e7a das manifesta\u00e7\u00f5es que tomam conta de 26 estados e mais o Distrito Federal mostra que o setor educacional n\u00e3o est\u00e1 disposto a aceitar os cortes de recursos propostos pelo Governo Bolsonaro, que atingem n\u00e3o s\u00f3 o ensino superior, como tamb\u00e9m o ensino b\u00e1sico. Nas universidades federais, o contingenciamento chega a 30%. Em Fortaleza, cerca de 50 mil pessoas participaram da mobiliza\u00e7\u00e3o que percorreu ruas e avenida das do Benfica e do Centro. No interior cearense, houve registro&hellip;<\/p>\n","protected":false},"author":1,"featured_media":0,"comment_status":"open","ping_status":"open","sticky":false,"template":"","format":"standard","meta":{"footnotes":""},"categories":[1],"tags":[],"class_list":["post-12770","post","type-post","status-publish","format-standard","hentry","category-noticias"],"_links":{"self":[{"href":"https:\/\/blogdorogeriogomes.com.br\/noticias\/wp-json\/wp\/v2\/posts\/12770","targetHints":{"allow":["GET"]}}],"collection":[{"href":"https:\/\/blogdorogeriogomes.com.br\/noticias\/wp-json\/wp\/v2\/posts"}],"about":[{"href":"https:\/\/blogdorogeriogomes.com.br\/noticias\/wp-json\/wp\/v2\/types\/post"}],"author":[{"embeddable":true,"href":"https:\/\/blogdorogeriogomes.com.br\/noticias\/wp-json\/wp\/v2\/users\/1"}],"replies":[{"embeddable":true,"href":"https:\/\/blogdorogeriogomes.com.br\/noticias\/wp-json\/wp\/v2\/comments?post=12770"}],"version-history":[{"count":1,"href":"https:\/\/blogdorogeriogomes.com.br\/noticias\/wp-json\/wp\/v2\/posts\/12770\/revisions"}],"predecessor-version":[{"id":12772,"href":"https:\/\/blogdorogeriogomes.com.br\/noticias\/wp-json\/wp\/v2\/posts\/12770\/revisions\/12772"}],"wp:attachment":[{"href":"https:\/\/blogdorogeriogomes.com.br\/noticias\/wp-json\/wp\/v2\/media?parent=12770"}],"wp:term":[{"taxonomy":"category","embeddable":true,"href":"https:\/\/blogdorogeriogomes.com.br\/noticias\/wp-json\/wp\/v2\/categories?post=12770"},{"taxonomy":"post_tag","embeddable":true,"href":"https:\/\/blogdorogeriogomes.com.br\/noticias\/wp-json\/wp\/v2\/tags?post=12770"}],"curies":[{"name":"wp","href":"https:\/\/api.w.org\/{rel}","templated":true}]}}