{"id":12773,"date":"2019-05-16T10:47:45","date_gmt":"2019-05-16T10:47:45","guid":{"rendered":"http:\/\/blogdorogeriogomes.com.br\/?p=12773"},"modified":"2019-05-16T10:47:45","modified_gmt":"2019-05-16T10:47:45","slug":"obras-da-transposicao-do-sao-francisco-no-ceara-vivem-mais-um-momento-de-paralisacao","status":"publish","type":"post","link":"https:\/\/blogdorogeriogomes.com.br\/noticias\/2019\/05\/obras-da-transposicao-do-sao-francisco-no-ceara-vivem-mais-um-momento-de-paralisacao\/","title":{"rendered":"Obras da transposi\u00e7\u00e3o do S\u00e3o Francisco no Cear\u00e1 vivem mais um momento de paralisa\u00e7\u00e3o"},"content":{"rendered":"<p><img loading=\"lazy\" decoding=\"async\" class=\"alignnone size-medium wp-image-12774\" src=\"http:\/\/blogdorogeriogomes.com.br\/wp-content\/uploads\/2019\/05\/IMG_20190516_074211_288-300x298.jpg\" alt=\"IMG_20190516_074211_288\" width=\"300\" height=\"298\" srcset=\"https:\/\/blogdorogeriogomes.com.br\/noticias\/wp-content\/uploads\/2019\/05\/IMG_20190516_074211_288-300x298.jpg 300w, https:\/\/blogdorogeriogomes.com.br\/noticias\/wp-content\/uploads\/2019\/05\/IMG_20190516_074211_288-150x150.jpg 150w, https:\/\/blogdorogeriogomes.com.br\/noticias\/wp-content\/uploads\/2019\/05\/IMG_20190516_074211_288.jpg 418w\" sizes=\"auto, (max-width: 300px) 100vw, 300px\" \/><\/p>\n<p>As obras da transposi\u00e7\u00e3o do S\u00e3o Francisco no trecho entre Pernambuco e Cear\u00e1 continuam inacabadas, apesar das in\u00fameras previs\u00f5es de t\u00e9rmino dadas pelo Governo Federal. A Assembleia Legislativa do Cear\u00e1 articula uma Comiss\u00e3o Especial para Acompanhamento das Obras de Transposi\u00e7\u00e3o do Rio S\u00e3o Francisco, que deve fazer uma viagem at\u00e9 o trecho para conferir de perto o problema e cobrar solu\u00e7\u00f5es da Uni\u00e3o. O trecho do Eixo Norte est\u00e1 com obras paradas h\u00e1 quase dois meses, envolvendo tamb\u00e9m uma greve de trabalhadores da obra por falta de pagamento.<br \/>\nA comiss\u00e3o deve ser presidida pelo deputado Guilherme Landim (PDT) e ter\u00e1 outros oito membros: J\u00falio C\u00e9sar Filho (Cidadania), Marcos Sobreira (PDT), Nezinho Farias (PDT), Queiroz Filho (PDT), Walter Cavalcante (MDB), Nelinho (PSDB), Danniel Oliveira (MDB) e Ant\u00f4nio Granja (PDT).<br \/>\nNo \u00faltimo dia 15 de fevereiro, o ministro do Desenvolvimento Regional, Gustavo Canuto, assegurou, ap\u00f3s reuni\u00e3o com o governador Camilo Santana, que as obras no Eixo Norte seriam conclu\u00eddas neste m\u00eas e que a \u00e1gua chegaria a Jati no segundo semestre. Mais um prazo n\u00e3o cumprido.<\/p>\n","protected":false},"excerpt":{"rendered":"<p>As obras da transposi\u00e7\u00e3o do S\u00e3o Francisco no trecho entre Pernambuco e Cear\u00e1 continuam inacabadas, apesar das in\u00fameras previs\u00f5es de t\u00e9rmino dadas pelo Governo Federal. A Assembleia Legislativa do Cear\u00e1 articula uma Comiss\u00e3o Especial para Acompanhamento das Obras de Transposi\u00e7\u00e3o do Rio S\u00e3o Francisco, que deve fazer uma viagem at\u00e9 o trecho para conferir de perto o problema e cobrar solu\u00e7\u00f5es da Uni\u00e3o. O trecho do Eixo Norte est\u00e1 com obras paradas h\u00e1 quase dois meses, envolvendo tamb\u00e9m uma&hellip;<\/p>\n","protected":false},"author":1,"featured_media":0,"comment_status":"open","ping_status":"open","sticky":false,"template":"","format":"standard","meta":{"footnotes":""},"categories":[1],"tags":[],"class_list":["post-12773","post","type-post","status-publish","format-standard","hentry","category-noticias"],"_links":{"self":[{"href":"https:\/\/blogdorogeriogomes.com.br\/noticias\/wp-json\/wp\/v2\/posts\/12773","targetHints":{"allow":["GET"]}}],"collection":[{"href":"https:\/\/blogdorogeriogomes.com.br\/noticias\/wp-json\/wp\/v2\/posts"}],"about":[{"href":"https:\/\/blogdorogeriogomes.com.br\/noticias\/wp-json\/wp\/v2\/types\/post"}],"author":[{"embeddable":true,"href":"https:\/\/blogdorogeriogomes.com.br\/noticias\/wp-json\/wp\/v2\/users\/1"}],"replies":[{"embeddable":true,"href":"https:\/\/blogdorogeriogomes.com.br\/noticias\/wp-json\/wp\/v2\/comments?post=12773"}],"version-history":[{"count":1,"href":"https:\/\/blogdorogeriogomes.com.br\/noticias\/wp-json\/wp\/v2\/posts\/12773\/revisions"}],"predecessor-version":[{"id":12775,"href":"https:\/\/blogdorogeriogomes.com.br\/noticias\/wp-json\/wp\/v2\/posts\/12773\/revisions\/12775"}],"wp:attachment":[{"href":"https:\/\/blogdorogeriogomes.com.br\/noticias\/wp-json\/wp\/v2\/media?parent=12773"}],"wp:term":[{"taxonomy":"category","embeddable":true,"href":"https:\/\/blogdorogeriogomes.com.br\/noticias\/wp-json\/wp\/v2\/categories?post=12773"},{"taxonomy":"post_tag","embeddable":true,"href":"https:\/\/blogdorogeriogomes.com.br\/noticias\/wp-json\/wp\/v2\/tags?post=12773"}],"curies":[{"name":"wp","href":"https:\/\/api.w.org\/{rel}","templated":true}]}}