{"id":12779,"date":"2019-05-16T21:24:47","date_gmt":"2019-05-16T21:24:47","guid":{"rendered":"http:\/\/blogdorogeriogomes.com.br\/?p=12779"},"modified":"2019-05-16T21:24:47","modified_gmt":"2019-05-16T21:24:47","slug":"trf4-nega-recurso-e-jose-dirceu-deve-voltar-para-a-prisao","status":"publish","type":"post","link":"https:\/\/blogdorogeriogomes.com.br\/noticias\/2019\/05\/trf4-nega-recurso-e-jose-dirceu-deve-voltar-para-a-prisao\/","title":{"rendered":"TRF4 nega recurso e Jos\u00e9 Dirceu deve voltar para a pris\u00e3o"},"content":{"rendered":"<p><img loading=\"lazy\" decoding=\"async\" class=\"alignnone size-medium wp-image-12780\" src=\"http:\/\/blogdorogeriogomes.com.br\/wp-content\/uploads\/2019\/05\/IMG_20190516_182118_035-300x291.jpg\" alt=\"IMG_20190516_182118_035\" width=\"300\" height=\"291\" srcset=\"https:\/\/blogdorogeriogomes.com.br\/noticias\/wp-content\/uploads\/2019\/05\/IMG_20190516_182118_035-300x291.jpg 300w, https:\/\/blogdorogeriogomes.com.br\/noticias\/wp-content\/uploads\/2019\/05\/IMG_20190516_182118_035.jpg 466w\" sizes=\"auto, (max-width: 300px) 100vw, 300px\" \/><\/p>\n<p>A Quarta Se\u00e7\u00e3o do Tribunal Regional Federal da 4\u00aa Regi\u00e3o (TRF4) negou nesta quinta-feira, dia 16 de maio, um recurso do ex-ministro Jos\u00e9 Dirceu, que buscava a revers\u00e3o de sua segunda condena\u00e7\u00e3o na Opera\u00e7\u00e3o Lava Jato, e determinou que ele comece de imediato a cumprir a pena de 8 anos e 10 meses pelos crimes de corrup\u00e7\u00e3o e lavagem de dinheiro.<br \/>\nAo final do julgamento, foi determinada a notifica\u00e7\u00e3o \u00e0 13\u00aa Vara Federal de Curitiba para que providencie a pris\u00e3o de Dirceu, tendo como base o entendimento atual do Supremo que permite o cumprimento de pena ap\u00f3s o fim da tramita\u00e7\u00e3o do processo na segunda inst\u00e2ncia.<\/p>\n","protected":false},"excerpt":{"rendered":"<p>A Quarta Se\u00e7\u00e3o do Tribunal Regional Federal da 4\u00aa Regi\u00e3o (TRF4) negou nesta quinta-feira, dia 16 de maio, um recurso do ex-ministro Jos\u00e9 Dirceu, que buscava a revers\u00e3o de sua segunda condena\u00e7\u00e3o na Opera\u00e7\u00e3o Lava Jato, e determinou que ele comece de imediato a cumprir a pena de 8 anos e 10 meses pelos crimes de corrup\u00e7\u00e3o e lavagem de dinheiro. Ao final do julgamento, foi determinada a notifica\u00e7\u00e3o \u00e0 13\u00aa Vara Federal de Curitiba para que providencie a&hellip;<\/p>\n","protected":false},"author":1,"featured_media":0,"comment_status":"open","ping_status":"open","sticky":false,"template":"","format":"standard","meta":{"footnotes":""},"categories":[1],"tags":[],"class_list":["post-12779","post","type-post","status-publish","format-standard","hentry","category-noticias"],"_links":{"self":[{"href":"https:\/\/blogdorogeriogomes.com.br\/noticias\/wp-json\/wp\/v2\/posts\/12779","targetHints":{"allow":["GET"]}}],"collection":[{"href":"https:\/\/blogdorogeriogomes.com.br\/noticias\/wp-json\/wp\/v2\/posts"}],"about":[{"href":"https:\/\/blogdorogeriogomes.com.br\/noticias\/wp-json\/wp\/v2\/types\/post"}],"author":[{"embeddable":true,"href":"https:\/\/blogdorogeriogomes.com.br\/noticias\/wp-json\/wp\/v2\/users\/1"}],"replies":[{"embeddable":true,"href":"https:\/\/blogdorogeriogomes.com.br\/noticias\/wp-json\/wp\/v2\/comments?post=12779"}],"version-history":[{"count":1,"href":"https:\/\/blogdorogeriogomes.com.br\/noticias\/wp-json\/wp\/v2\/posts\/12779\/revisions"}],"predecessor-version":[{"id":12781,"href":"https:\/\/blogdorogeriogomes.com.br\/noticias\/wp-json\/wp\/v2\/posts\/12779\/revisions\/12781"}],"wp:attachment":[{"href":"https:\/\/blogdorogeriogomes.com.br\/noticias\/wp-json\/wp\/v2\/media?parent=12779"}],"wp:term":[{"taxonomy":"category","embeddable":true,"href":"https:\/\/blogdorogeriogomes.com.br\/noticias\/wp-json\/wp\/v2\/categories?post=12779"},{"taxonomy":"post_tag","embeddable":true,"href":"https:\/\/blogdorogeriogomes.com.br\/noticias\/wp-json\/wp\/v2\/tags?post=12779"}],"curies":[{"name":"wp","href":"https:\/\/api.w.org\/{rel}","templated":true}]}}