{"id":12782,"date":"2019-05-16T22:07:06","date_gmt":"2019-05-16T22:07:06","guid":{"rendered":"http:\/\/blogdorogeriogomes.com.br\/?p=12782"},"modified":"2019-05-16T22:07:06","modified_gmt":"2019-05-16T22:07:06","slug":"prefeitura-da-capital-comemora-reducao-na-mortalidade-infantil","status":"publish","type":"post","link":"https:\/\/blogdorogeriogomes.com.br\/noticias\/2019\/05\/prefeitura-da-capital-comemora-reducao-na-mortalidade-infantil\/","title":{"rendered":"Prefeitura da Capital comemora redu\u00e7\u00e3o na mortalidade infantil"},"content":{"rendered":"<p><img loading=\"lazy\" decoding=\"async\" class=\"alignnone size-medium wp-image-12783\" src=\"http:\/\/blogdorogeriogomes.com.br\/wp-content\/uploads\/2019\/05\/IMG_20190516_190335_223-300x215.jpg\" alt=\"IMG_20190516_190335_223\" width=\"300\" height=\"215\" srcset=\"https:\/\/blogdorogeriogomes.com.br\/noticias\/wp-content\/uploads\/2019\/05\/IMG_20190516_190335_223-300x215.jpg 300w, https:\/\/blogdorogeriogomes.com.br\/noticias\/wp-content\/uploads\/2019\/05\/IMG_20190516_190335_223-768x550.jpg 768w, https:\/\/blogdorogeriogomes.com.br\/noticias\/wp-content\/uploads\/2019\/05\/IMG_20190516_190335_223-1024x734.jpg 1024w\" sizes=\"auto, (max-width: 300px) 100vw, 300px\" \/><\/p>\n<p>O Munic\u00edpio de Fortaleza comemora a redu\u00e7\u00e3o nas taxas de mortalidade infantil. O prefeito Roberto Cl\u00e1udio destaca os resultados obtidos na redu\u00e7\u00e3o da mortalidade infantil e materna em Fortaleza. \u201cNa mortalidade infantil, reduzimos de 13,5 para 11,3 mortes por cada mil nascidos vivos, o que significou uma redu\u00e7\u00e3o entorno de 16%. J\u00e1 na mortalidade materna, estamos em uma curva de queda desde 2012, quando daquele ano para c\u00e1 ca\u00edmos 61%. Esses s\u00e3o dados muito importantes a serem celebrados\u201d, disse Roberto Cl\u00e1udio.<br \/>\nFortaleza est\u00e1 indo no caminho contr\u00e1rio ao do Pa\u00eds quando se fala da taxa de mortalidade infantil. O Brasil registrou um \u00edndice de 14 mortes por mil nascidos vivos em 2018, conforme dados do Minist\u00e9rio da Sa\u00fade, enquanto na capital cearense essa taxa foi de 11,3. Em 2017, o dado na Capital era de 13,5 frente a 13,8 no Cear\u00e1 e 12,8 no Brasil.<\/p>\n","protected":false},"excerpt":{"rendered":"<p>O Munic\u00edpio de Fortaleza comemora a redu\u00e7\u00e3o nas taxas de mortalidade infantil. O prefeito Roberto Cl\u00e1udio destaca os resultados obtidos na redu\u00e7\u00e3o da mortalidade infantil e materna em Fortaleza. \u201cNa mortalidade infantil, reduzimos de 13,5 para 11,3 mortes por cada mil nascidos vivos, o que significou uma redu\u00e7\u00e3o entorno de 16%. J\u00e1 na mortalidade materna, estamos em uma curva de queda desde 2012, quando daquele ano para c\u00e1 ca\u00edmos 61%. Esses s\u00e3o dados muito importantes a serem celebrados\u201d, disse&hellip;<\/p>\n","protected":false},"author":1,"featured_media":0,"comment_status":"open","ping_status":"open","sticky":false,"template":"","format":"standard","meta":{"footnotes":""},"categories":[1],"tags":[],"class_list":["post-12782","post","type-post","status-publish","format-standard","hentry","category-noticias"],"_links":{"self":[{"href":"https:\/\/blogdorogeriogomes.com.br\/noticias\/wp-json\/wp\/v2\/posts\/12782","targetHints":{"allow":["GET"]}}],"collection":[{"href":"https:\/\/blogdorogeriogomes.com.br\/noticias\/wp-json\/wp\/v2\/posts"}],"about":[{"href":"https:\/\/blogdorogeriogomes.com.br\/noticias\/wp-json\/wp\/v2\/types\/post"}],"author":[{"embeddable":true,"href":"https:\/\/blogdorogeriogomes.com.br\/noticias\/wp-json\/wp\/v2\/users\/1"}],"replies":[{"embeddable":true,"href":"https:\/\/blogdorogeriogomes.com.br\/noticias\/wp-json\/wp\/v2\/comments?post=12782"}],"version-history":[{"count":1,"href":"https:\/\/blogdorogeriogomes.com.br\/noticias\/wp-json\/wp\/v2\/posts\/12782\/revisions"}],"predecessor-version":[{"id":12784,"href":"https:\/\/blogdorogeriogomes.com.br\/noticias\/wp-json\/wp\/v2\/posts\/12782\/revisions\/12784"}],"wp:attachment":[{"href":"https:\/\/blogdorogeriogomes.com.br\/noticias\/wp-json\/wp\/v2\/media?parent=12782"}],"wp:term":[{"taxonomy":"category","embeddable":true,"href":"https:\/\/blogdorogeriogomes.com.br\/noticias\/wp-json\/wp\/v2\/categories?post=12782"},{"taxonomy":"post_tag","embeddable":true,"href":"https:\/\/blogdorogeriogomes.com.br\/noticias\/wp-json\/wp\/v2\/tags?post=12782"}],"curies":[{"name":"wp","href":"https:\/\/api.w.org\/{rel}","templated":true}]}}