{"id":12785,"date":"2019-05-17T12:07:19","date_gmt":"2019-05-17T12:07:19","guid":{"rendered":"http:\/\/blogdorogeriogomes.com.br\/?p=12785"},"modified":"2019-05-17T12:07:19","modified_gmt":"2019-05-17T12:07:19","slug":"bolsonaro-recua-sobre-indicacao-de-moro-para-vaga-no-stf","status":"publish","type":"post","link":"https:\/\/blogdorogeriogomes.com.br\/noticias\/2019\/05\/bolsonaro-recua-sobre-indicacao-de-moro-para-vaga-no-stf\/","title":{"rendered":"Bolsonaro recua sobre indica\u00e7\u00e3o de Moro para vaga no STF"},"content":{"rendered":"<p><img loading=\"lazy\" decoding=\"async\" class=\"alignnone size-medium wp-image-12786\" src=\"http:\/\/blogdorogeriogomes.com.br\/wp-content\/uploads\/2019\/05\/IMG_20190517_090351_082-300x212.jpg\" alt=\"IMG_20190517_090351_082\" width=\"300\" height=\"212\" srcset=\"https:\/\/blogdorogeriogomes.com.br\/noticias\/wp-content\/uploads\/2019\/05\/IMG_20190517_090351_082-300x212.jpg 300w, https:\/\/blogdorogeriogomes.com.br\/noticias\/wp-content\/uploads\/2019\/05\/IMG_20190517_090351_082.jpg 588w\" sizes=\"auto, (max-width: 300px) 100vw, 300px\" \/><\/p>\n<p>Como j\u00e1 se<span style=\"font-size: 0.8rem;\">\u00a0tornou comum nos cinco meses de Governo, o presidente Jair Bolsonaro recuou mais uma vez sobre o que tinha declarado. Desta vez, sobre o compromisso que, segundo ele, havia feito com Sergio Moro (Justi\u00e7a) de indic\u00e1-lo para uma vaga no Supremo Tribunal Federal (STF). &#8220;N\u00e3o teve nenhum acordo, nada, ningu\u00e9m nunca me viu com Moro (antes de convid\u00e1-lo para seu minist\u00e9rio).&#8221; Antecipar a indica\u00e7\u00e3o repercutiu mal no Congresso e no STF.<\/span><\/p>\n<p>No domingo passado, entretanto, Bolsonaro admitiu que tinha selado &#8220;um compromisso com Moro, porque ele abriu m\u00e3o de 22 anos de magistratura&#8221;. O presidente relatou ter dito ao ministro: &#8220;A primeira vaga que tiver l\u00e1 (no Supremo) est\u00e1 \u00e0 sua disposi\u00e7\u00e3o&#8221;.<br \/>\nBolsonaro tamb\u00e9m tentou amenizar as declara\u00e7\u00f5es feitas contra estudantes e professores que participaram esta semana de protestos contra os cortes na educa\u00e7\u00e3o. O presidente disse que a maioria dos que foram \u00e0s ruas se manifestar contra a suspens\u00e3o de verba para educa\u00e7\u00e3o tinha &#8220;boa f\u00e9&#8221;, mas foi usada por partidos de esquerda. No dia anterior, o presidente havia chamado os estudantes e professores de &#8220;idiotas \u00fateis&#8221; e &#8220;imbecis&#8221;.<br \/>\nEm tempo: no contexto da crise na educa\u00e7\u00e3o, por conflitos internos, foi anunciada, nesta quinta-feira, dia 16 de maio, a demiss\u00e3o do presidente do Inep, Elmer Coelho Vicenzi. O \u00f3rg\u00e3o do MEC organiza a prova do Enem.<\/p>\n","protected":false},"excerpt":{"rendered":"<p>Como j\u00e1 se\u00a0tornou comum nos cinco meses de Governo, o presidente Jair Bolsonaro recuou mais uma vez sobre o que tinha declarado. Desta vez, sobre o compromisso que, segundo ele, havia feito com Sergio Moro (Justi\u00e7a) de indic\u00e1-lo para uma vaga no Supremo Tribunal Federal (STF). &#8220;N\u00e3o teve nenhum acordo, nada, ningu\u00e9m nunca me viu com Moro (antes de convid\u00e1-lo para seu minist\u00e9rio).&#8221; Antecipar a indica\u00e7\u00e3o repercutiu mal no Congresso e no STF. No domingo passado, entretanto, Bolsonaro admitiu&hellip;<\/p>\n","protected":false},"author":1,"featured_media":0,"comment_status":"open","ping_status":"open","sticky":false,"template":"","format":"standard","meta":{"footnotes":""},"categories":[1],"tags":[],"class_list":["post-12785","post","type-post","status-publish","format-standard","hentry","category-noticias"],"_links":{"self":[{"href":"https:\/\/blogdorogeriogomes.com.br\/noticias\/wp-json\/wp\/v2\/posts\/12785","targetHints":{"allow":["GET"]}}],"collection":[{"href":"https:\/\/blogdorogeriogomes.com.br\/noticias\/wp-json\/wp\/v2\/posts"}],"about":[{"href":"https:\/\/blogdorogeriogomes.com.br\/noticias\/wp-json\/wp\/v2\/types\/post"}],"author":[{"embeddable":true,"href":"https:\/\/blogdorogeriogomes.com.br\/noticias\/wp-json\/wp\/v2\/users\/1"}],"replies":[{"embeddable":true,"href":"https:\/\/blogdorogeriogomes.com.br\/noticias\/wp-json\/wp\/v2\/comments?post=12785"}],"version-history":[{"count":1,"href":"https:\/\/blogdorogeriogomes.com.br\/noticias\/wp-json\/wp\/v2\/posts\/12785\/revisions"}],"predecessor-version":[{"id":12787,"href":"https:\/\/blogdorogeriogomes.com.br\/noticias\/wp-json\/wp\/v2\/posts\/12785\/revisions\/12787"}],"wp:attachment":[{"href":"https:\/\/blogdorogeriogomes.com.br\/noticias\/wp-json\/wp\/v2\/media?parent=12785"}],"wp:term":[{"taxonomy":"category","embeddable":true,"href":"https:\/\/blogdorogeriogomes.com.br\/noticias\/wp-json\/wp\/v2\/categories?post=12785"},{"taxonomy":"post_tag","embeddable":true,"href":"https:\/\/blogdorogeriogomes.com.br\/noticias\/wp-json\/wp\/v2\/tags?post=12785"}],"curies":[{"name":"wp","href":"https:\/\/api.w.org\/{rel}","templated":true}]}}