{"id":12788,"date":"2019-05-17T12:13:30","date_gmt":"2019-05-17T12:13:30","guid":{"rendered":"http:\/\/blogdorogeriogomes.com.br\/?p=12788"},"modified":"2019-05-17T12:13:30","modified_gmt":"2019-05-17T12:13:30","slug":"roberto-claudio-reune-secretariado-para-avaliar-obras-e-novo-pacote-de-investimentos","status":"publish","type":"post","link":"https:\/\/blogdorogeriogomes.com.br\/noticias\/2019\/05\/roberto-claudio-reune-secretariado-para-avaliar-obras-e-novo-pacote-de-investimentos\/","title":{"rendered":"Roberto Cl\u00e1udio re\u00fane secretariado para avaliar obras e novo pacote de investimentos"},"content":{"rendered":"<p><img loading=\"lazy\" decoding=\"async\" class=\"alignnone size-medium wp-image-12789\" src=\"http:\/\/blogdorogeriogomes.com.br\/wp-content\/uploads\/2019\/05\/IMG_20190517_091112_449-300x300.jpg\" alt=\"IMG_20190517_091112_449\" width=\"300\" height=\"300\" srcset=\"https:\/\/blogdorogeriogomes.com.br\/noticias\/wp-content\/uploads\/2019\/05\/IMG_20190517_091112_449-300x300.jpg 300w, https:\/\/blogdorogeriogomes.com.br\/noticias\/wp-content\/uploads\/2019\/05\/IMG_20190517_091112_449-150x150.jpg 150w, https:\/\/blogdorogeriogomes.com.br\/noticias\/wp-content\/uploads\/2019\/05\/IMG_20190517_091112_449.jpg 381w\" sizes=\"auto, (max-width: 300px) 100vw, 300px\" \/><br \/>\nO prefeito Roberto Cl\u00e1udio re\u00fane todo o secretariado municipal, nesta sexta-feira, dia 17 de maio, no Teatro S\u00e3o Jos\u00e9, para avalia\u00e7\u00e3o e monitoramento das obras e a\u00e7\u00f5es em andamento em Fortaleza. Na pauta, a defini\u00e7\u00e3o de prazos para a conclus\u00e3o e cronograma de entrega das obras.<br \/>\nSer\u00e1 uma oportunidade tamb\u00e9m para que o prefeito da Capital apresente o novo pacote de investimentos, que engloba obras que ser\u00e3o executadas em 2019, iniciando ainda neste m\u00eas de maio, e ao longo de 2020. O pacote de investimentos p\u00fablicos est\u00e1 estimado em R$ 1 bilh\u00e3o e 800 milh\u00f5es de reais.<\/p>\n","protected":false},"excerpt":{"rendered":"<p>O prefeito Roberto Cl\u00e1udio re\u00fane todo o secretariado municipal, nesta sexta-feira, dia 17 de maio, no Teatro S\u00e3o Jos\u00e9, para avalia\u00e7\u00e3o e monitoramento das obras e a\u00e7\u00f5es em andamento em Fortaleza. Na pauta, a defini\u00e7\u00e3o de prazos para a conclus\u00e3o e cronograma de entrega das obras. Ser\u00e1 uma oportunidade tamb\u00e9m para que o prefeito da Capital apresente o novo pacote de investimentos, que engloba obras que ser\u00e3o executadas em 2019, iniciando ainda neste m\u00eas de maio, e ao longo&hellip;<\/p>\n","protected":false},"author":1,"featured_media":0,"comment_status":"open","ping_status":"open","sticky":false,"template":"","format":"standard","meta":{"footnotes":""},"categories":[1],"tags":[],"class_list":["post-12788","post","type-post","status-publish","format-standard","hentry","category-noticias"],"_links":{"self":[{"href":"https:\/\/blogdorogeriogomes.com.br\/noticias\/wp-json\/wp\/v2\/posts\/12788","targetHints":{"allow":["GET"]}}],"collection":[{"href":"https:\/\/blogdorogeriogomes.com.br\/noticias\/wp-json\/wp\/v2\/posts"}],"about":[{"href":"https:\/\/blogdorogeriogomes.com.br\/noticias\/wp-json\/wp\/v2\/types\/post"}],"author":[{"embeddable":true,"href":"https:\/\/blogdorogeriogomes.com.br\/noticias\/wp-json\/wp\/v2\/users\/1"}],"replies":[{"embeddable":true,"href":"https:\/\/blogdorogeriogomes.com.br\/noticias\/wp-json\/wp\/v2\/comments?post=12788"}],"version-history":[{"count":1,"href":"https:\/\/blogdorogeriogomes.com.br\/noticias\/wp-json\/wp\/v2\/posts\/12788\/revisions"}],"predecessor-version":[{"id":12790,"href":"https:\/\/blogdorogeriogomes.com.br\/noticias\/wp-json\/wp\/v2\/posts\/12788\/revisions\/12790"}],"wp:attachment":[{"href":"https:\/\/blogdorogeriogomes.com.br\/noticias\/wp-json\/wp\/v2\/media?parent=12788"}],"wp:term":[{"taxonomy":"category","embeddable":true,"href":"https:\/\/blogdorogeriogomes.com.br\/noticias\/wp-json\/wp\/v2\/categories?post=12788"},{"taxonomy":"post_tag","embeddable":true,"href":"https:\/\/blogdorogeriogomes.com.br\/noticias\/wp-json\/wp\/v2\/tags?post=12788"}],"curies":[{"name":"wp","href":"https:\/\/api.w.org\/{rel}","templated":true}]}}