{"id":12791,"date":"2019-05-17T12:23:35","date_gmt":"2019-05-17T12:23:35","guid":{"rendered":"http:\/\/blogdorogeriogomes.com.br\/?p=12791"},"modified":"2019-05-17T12:23:35","modified_gmt":"2019-05-17T12:23:35","slug":"senador-eduardo-girao-comemora-aprovacao-da-lei-nacional-sobre-drogas","status":"publish","type":"post","link":"https:\/\/blogdorogeriogomes.com.br\/noticias\/2019\/05\/senador-eduardo-girao-comemora-aprovacao-da-lei-nacional-sobre-drogas\/","title":{"rendered":"Senador Eduardo Gir\u00e3o comemora aprova\u00e7\u00e3o da Lei Nacional sobre Drogas"},"content":{"rendered":"<p><img loading=\"lazy\" decoding=\"async\" class=\"alignnone size-medium wp-image-12792\" src=\"http:\/\/blogdorogeriogomes.com.br\/wp-content\/uploads\/2019\/05\/IMG-20190516-WA0101-300x200.jpg\" alt=\"IMG-20190516-WA0101\" width=\"300\" height=\"200\" srcset=\"https:\/\/blogdorogeriogomes.com.br\/noticias\/wp-content\/uploads\/2019\/05\/IMG-20190516-WA0101-300x200.jpg 300w, https:\/\/blogdorogeriogomes.com.br\/noticias\/wp-content\/uploads\/2019\/05\/IMG-20190516-WA0101-768x512.jpg 768w, https:\/\/blogdorogeriogomes.com.br\/noticias\/wp-content\/uploads\/2019\/05\/IMG-20190516-WA0101.jpg 799w\" sizes=\"auto, (max-width: 300px) 100vw, 300px\" \/><\/p>\n<p>O senador cearense Eduardo Gir\u00e3o (Podemos) comemorou a aprova\u00e7\u00e3o da Lei de Pol\u00edticas sobre Drogas, de autoria do ex-deputado e atual ministro da Cidadania, Osmar Terra. O projeto, engavetado h\u00e1 quase dez anos, refor\u00e7a o papel das comunidades terap\u00eauticas no tratamento de dependentes al\u00e9m de facilitar a interna\u00e7\u00e3o involunt\u00e1ria, contra a vontade do dependente. O projeto segue para san\u00e7\u00e3o.<\/p>\n<p>Eduardo Gir\u00e3o \u00e9 entusiasta da cultura antidrogas e defensor dos movimentos pr\u00f3-vida. Ele classifica a mat\u00e9ria como uma das de maior import\u00e2ncia para o Brasil. &#8220;Enquanto n\u00f3s estamos conversando aqui, trocando ideias, existem fam\u00edlias e fam\u00edlias sofrendo com dependentes qu\u00edmicos, chorando nas ruas, sem um caminho a encontrar&#8221;.<\/p>\n","protected":false},"excerpt":{"rendered":"<p>O senador cearense Eduardo Gir\u00e3o (Podemos) comemorou a aprova\u00e7\u00e3o da Lei de Pol\u00edticas sobre Drogas, de autoria do ex-deputado e atual ministro da Cidadania, Osmar Terra. O projeto, engavetado h\u00e1 quase dez anos, refor\u00e7a o papel das comunidades terap\u00eauticas no tratamento de dependentes al\u00e9m de facilitar a interna\u00e7\u00e3o involunt\u00e1ria, contra a vontade do dependente. O projeto segue para san\u00e7\u00e3o. Eduardo Gir\u00e3o \u00e9 entusiasta da cultura antidrogas e defensor dos movimentos pr\u00f3-vida. Ele classifica a mat\u00e9ria como uma das de&hellip;<\/p>\n","protected":false},"author":1,"featured_media":0,"comment_status":"open","ping_status":"open","sticky":false,"template":"","format":"standard","meta":{"footnotes":""},"categories":[1],"tags":[],"class_list":["post-12791","post","type-post","status-publish","format-standard","hentry","category-noticias"],"_links":{"self":[{"href":"https:\/\/blogdorogeriogomes.com.br\/noticias\/wp-json\/wp\/v2\/posts\/12791","targetHints":{"allow":["GET"]}}],"collection":[{"href":"https:\/\/blogdorogeriogomes.com.br\/noticias\/wp-json\/wp\/v2\/posts"}],"about":[{"href":"https:\/\/blogdorogeriogomes.com.br\/noticias\/wp-json\/wp\/v2\/types\/post"}],"author":[{"embeddable":true,"href":"https:\/\/blogdorogeriogomes.com.br\/noticias\/wp-json\/wp\/v2\/users\/1"}],"replies":[{"embeddable":true,"href":"https:\/\/blogdorogeriogomes.com.br\/noticias\/wp-json\/wp\/v2\/comments?post=12791"}],"version-history":[{"count":1,"href":"https:\/\/blogdorogeriogomes.com.br\/noticias\/wp-json\/wp\/v2\/posts\/12791\/revisions"}],"predecessor-version":[{"id":12793,"href":"https:\/\/blogdorogeriogomes.com.br\/noticias\/wp-json\/wp\/v2\/posts\/12791\/revisions\/12793"}],"wp:attachment":[{"href":"https:\/\/blogdorogeriogomes.com.br\/noticias\/wp-json\/wp\/v2\/media?parent=12791"}],"wp:term":[{"taxonomy":"category","embeddable":true,"href":"https:\/\/blogdorogeriogomes.com.br\/noticias\/wp-json\/wp\/v2\/categories?post=12791"},{"taxonomy":"post_tag","embeddable":true,"href":"https:\/\/blogdorogeriogomes.com.br\/noticias\/wp-json\/wp\/v2\/tags?post=12791"}],"curies":[{"name":"wp","href":"https:\/\/api.w.org\/{rel}","templated":true}]}}