{"id":12796,"date":"2019-05-17T21:28:09","date_gmt":"2019-05-17T21:28:09","guid":{"rendered":"http:\/\/blogdorogeriogomes.com.br\/?p=12796"},"modified":"2019-05-17T21:28:09","modified_gmt":"2019-05-17T21:28:09","slug":"agencias-do-sine-em-14-cidades-do-ceara-fecham-as-portas-a-partir-do-dia-21-de-maio","status":"publish","type":"post","link":"https:\/\/blogdorogeriogomes.com.br\/noticias\/2019\/05\/agencias-do-sine-em-14-cidades-do-ceara-fecham-as-portas-a-partir-do-dia-21-de-maio\/","title":{"rendered":"Ag\u00eancias do SINE em 14 cidades do Cear\u00e1 fecham as portas a partir do dia 21 de maio"},"content":{"rendered":"<p><img loading=\"lazy\" decoding=\"async\" class=\"alignnone size-medium wp-image-12797\" src=\"http:\/\/blogdorogeriogomes.com.br\/wp-content\/uploads\/2019\/05\/images-2019-05-17T182225.652-300x201.jpeg\" alt=\"images - 2019-05-17T182225.652\" width=\"300\" height=\"201\" srcset=\"https:\/\/blogdorogeriogomes.com.br\/noticias\/wp-content\/uploads\/2019\/05\/images-2019-05-17T182225.652-300x201.jpeg 300w, https:\/\/blogdorogeriogomes.com.br\/noticias\/wp-content\/uploads\/2019\/05\/images-2019-05-17T182225.652.jpeg 677w\" sizes=\"auto, (max-width: 300px) 100vw, 300px\" \/><\/p>\n<p>Como j\u00e1 estava<span style=\"font-size: 0.8rem;\">\u00a0previsto, pelo menos 14 ag\u00eancias do Sistema Nacional de Emprego (Sine) v\u00e3o deixar de funcionar a partir de ter\u00e7a-feira, dia 21 de maio, em munic\u00edpios do interior do Cear\u00e1. O motivo \u00e9 a perda de recursos, como parte da restrutura\u00e7\u00e3o do Instituto de Desenvolvimento do Trabalho (IDT). Ser\u00e3o encerradas as atividades do Sine em Pacatuba, Maranguape, Pacaj\u00fas, Cascavel, Baturit\u00e9, Ubajara, Camocim, Crato, Barbalha, Morada Nova, Russas, Canind\u00e9, Quixeramobim e Tau\u00e1.\u00a0<\/span><\/p>\n<p>Ainda ser\u00e3o mantidas as unidades de Fortaleza (Centro, Ant\u00f4nio Bezerra, Messejana, Benfica e CEFIT), Regi\u00e3o Metropolitana (Maracana\u00fa, Horizonte, Eus\u00e9bio, Pec\u00e9m e Itapipoca), Norte (Sobral e Tiangu\u00e1), Sul (Juazeiro do Norte e Iguatu), Leste (Aracati e Limoeiro do Norte) e Sert\u00e3o-Central (Quixad\u00e1 e Crate\u00fas).<\/p>\n","protected":false},"excerpt":{"rendered":"<p>Como j\u00e1 estava\u00a0previsto, pelo menos 14 ag\u00eancias do Sistema Nacional de Emprego (Sine) v\u00e3o deixar de funcionar a partir de ter\u00e7a-feira, dia 21 de maio, em munic\u00edpios do interior do Cear\u00e1. O motivo \u00e9 a perda de recursos, como parte da restrutura\u00e7\u00e3o do Instituto de Desenvolvimento do Trabalho (IDT). Ser\u00e3o encerradas as atividades do Sine em Pacatuba, Maranguape, Pacaj\u00fas, Cascavel, Baturit\u00e9, Ubajara, Camocim, Crato, Barbalha, Morada Nova, Russas, Canind\u00e9, Quixeramobim e Tau\u00e1.\u00a0 Ainda ser\u00e3o mantidas as unidades de Fortaleza&hellip;<\/p>\n","protected":false},"author":1,"featured_media":0,"comment_status":"open","ping_status":"open","sticky":false,"template":"","format":"standard","meta":{"footnotes":""},"categories":[1],"tags":[],"class_list":["post-12796","post","type-post","status-publish","format-standard","hentry","category-noticias"],"_links":{"self":[{"href":"https:\/\/blogdorogeriogomes.com.br\/noticias\/wp-json\/wp\/v2\/posts\/12796","targetHints":{"allow":["GET"]}}],"collection":[{"href":"https:\/\/blogdorogeriogomes.com.br\/noticias\/wp-json\/wp\/v2\/posts"}],"about":[{"href":"https:\/\/blogdorogeriogomes.com.br\/noticias\/wp-json\/wp\/v2\/types\/post"}],"author":[{"embeddable":true,"href":"https:\/\/blogdorogeriogomes.com.br\/noticias\/wp-json\/wp\/v2\/users\/1"}],"replies":[{"embeddable":true,"href":"https:\/\/blogdorogeriogomes.com.br\/noticias\/wp-json\/wp\/v2\/comments?post=12796"}],"version-history":[{"count":1,"href":"https:\/\/blogdorogeriogomes.com.br\/noticias\/wp-json\/wp\/v2\/posts\/12796\/revisions"}],"predecessor-version":[{"id":12798,"href":"https:\/\/blogdorogeriogomes.com.br\/noticias\/wp-json\/wp\/v2\/posts\/12796\/revisions\/12798"}],"wp:attachment":[{"href":"https:\/\/blogdorogeriogomes.com.br\/noticias\/wp-json\/wp\/v2\/media?parent=12796"}],"wp:term":[{"taxonomy":"category","embeddable":true,"href":"https:\/\/blogdorogeriogomes.com.br\/noticias\/wp-json\/wp\/v2\/categories?post=12796"},{"taxonomy":"post_tag","embeddable":true,"href":"https:\/\/blogdorogeriogomes.com.br\/noticias\/wp-json\/wp\/v2\/tags?post=12796"}],"curies":[{"name":"wp","href":"https:\/\/api.w.org\/{rel}","templated":true}]}}