{"id":12799,"date":"2019-05-17T21:51:32","date_gmt":"2019-05-17T21:51:32","guid":{"rendered":"http:\/\/blogdorogeriogomes.com.br\/?p=12799"},"modified":"2019-05-17T21:51:32","modified_gmt":"2019-05-17T21:51:32","slug":"cinco-partidos-estudam-se-afastar-do-centrao-e-formar-bloco-independente","status":"publish","type":"post","link":"https:\/\/blogdorogeriogomes.com.br\/noticias\/2019\/05\/cinco-partidos-estudam-se-afastar-do-centrao-e-formar-bloco-independente\/","title":{"rendered":"Cinco partidos estudam se afastar do &#8220;Centr\u00e3o&#8221; e formar bloco independente"},"content":{"rendered":"<p><img loading=\"lazy\" decoding=\"async\" class=\"alignnone size-medium wp-image-12800\" src=\"http:\/\/blogdorogeriogomes.com.br\/wp-content\/uploads\/2019\/05\/1fev2019-deputados-e-familiares-no-plenario-da-camara-dos-deputados-momentos-antes-da-posse-dos-parlamentares-1549026168544_v2_450x450-300x300.jpg\" alt=\"1fev2019---deputados-e-familiares-no-plenario-da-camara-dos-deputados-momentos-antes-da-posse-dos-parlamentares-1549026168544_v2_450x450\" width=\"300\" height=\"300\" srcset=\"https:\/\/blogdorogeriogomes.com.br\/noticias\/wp-content\/uploads\/2019\/05\/1fev2019-deputados-e-familiares-no-plenario-da-camara-dos-deputados-momentos-antes-da-posse-dos-parlamentares-1549026168544_v2_450x450-300x300.jpg 300w, https:\/\/blogdorogeriogomes.com.br\/noticias\/wp-content\/uploads\/2019\/05\/1fev2019-deputados-e-familiares-no-plenario-da-camara-dos-deputados-momentos-antes-da-posse-dos-parlamentares-1549026168544_v2_450x450-150x150.jpg 150w, https:\/\/blogdorogeriogomes.com.br\/noticias\/wp-content\/uploads\/2019\/05\/1fev2019-deputados-e-familiares-no-plenario-da-camara-dos-deputados-momentos-antes-da-posse-dos-parlamentares-1549026168544_v2_450x450.jpg 450w\" sizes=\"auto, (max-width: 300px) 100vw, 300px\" \/><\/p>\n<p>Um<span style=\"font-size: 0.8rem;\">\u00a0grupo de cinco partidos (Podemos, PSC, Cidadania, Patriota e PV) estuda a cria\u00e7\u00e3o de um bloco independente na C\u00e2mara dos Deputados para ganhar mais espa\u00e7o pol\u00edtico e tamb\u00e9m por insatisfa\u00e7\u00e3o com a condu\u00e7\u00e3o da articula\u00e7\u00e3o pol\u00edtica pelo Pal\u00e1cio do Planalto.<\/span><\/p>\n<p>O grupo se re\u00fane h\u00e1 cerca de 40 dias. Na \u00faltima semana, o Novo tamb\u00e9m se aproximou das conversas. Juntos, os seis partidos somam 43 dos 513 deputados federais.<br \/>\nAtualmente, as siglas s\u00e3o consideradas poss\u00edveis aliados do Planalto nas pautas legislativas, embora n\u00e3o integrem a base do governo. Seria uma forma de se afastarem do chamado \u201cCentr\u00e3o\u201d.<\/p>\n","protected":false},"excerpt":{"rendered":"<p>Um\u00a0grupo de cinco partidos (Podemos, PSC, Cidadania, Patriota e PV) estuda a cria\u00e7\u00e3o de um bloco independente na C\u00e2mara dos Deputados para ganhar mais espa\u00e7o pol\u00edtico e tamb\u00e9m por insatisfa\u00e7\u00e3o com a condu\u00e7\u00e3o da articula\u00e7\u00e3o pol\u00edtica pelo Pal\u00e1cio do Planalto. O grupo se re\u00fane h\u00e1 cerca de 40 dias. Na \u00faltima semana, o Novo tamb\u00e9m se aproximou das conversas. Juntos, os seis partidos somam 43 dos 513 deputados federais. Atualmente, as siglas s\u00e3o consideradas poss\u00edveis aliados do Planalto nas&hellip;<\/p>\n","protected":false},"author":1,"featured_media":0,"comment_status":"open","ping_status":"open","sticky":false,"template":"","format":"standard","meta":{"footnotes":""},"categories":[1],"tags":[],"class_list":["post-12799","post","type-post","status-publish","format-standard","hentry","category-noticias"],"_links":{"self":[{"href":"https:\/\/blogdorogeriogomes.com.br\/noticias\/wp-json\/wp\/v2\/posts\/12799","targetHints":{"allow":["GET"]}}],"collection":[{"href":"https:\/\/blogdorogeriogomes.com.br\/noticias\/wp-json\/wp\/v2\/posts"}],"about":[{"href":"https:\/\/blogdorogeriogomes.com.br\/noticias\/wp-json\/wp\/v2\/types\/post"}],"author":[{"embeddable":true,"href":"https:\/\/blogdorogeriogomes.com.br\/noticias\/wp-json\/wp\/v2\/users\/1"}],"replies":[{"embeddable":true,"href":"https:\/\/blogdorogeriogomes.com.br\/noticias\/wp-json\/wp\/v2\/comments?post=12799"}],"version-history":[{"count":1,"href":"https:\/\/blogdorogeriogomes.com.br\/noticias\/wp-json\/wp\/v2\/posts\/12799\/revisions"}],"predecessor-version":[{"id":12801,"href":"https:\/\/blogdorogeriogomes.com.br\/noticias\/wp-json\/wp\/v2\/posts\/12799\/revisions\/12801"}],"wp:attachment":[{"href":"https:\/\/blogdorogeriogomes.com.br\/noticias\/wp-json\/wp\/v2\/media?parent=12799"}],"wp:term":[{"taxonomy":"category","embeddable":true,"href":"https:\/\/blogdorogeriogomes.com.br\/noticias\/wp-json\/wp\/v2\/categories?post=12799"},{"taxonomy":"post_tag","embeddable":true,"href":"https:\/\/blogdorogeriogomes.com.br\/noticias\/wp-json\/wp\/v2\/tags?post=12799"}],"curies":[{"name":"wp","href":"https:\/\/api.w.org\/{rel}","templated":true}]}}