{"id":12803,"date":"2019-05-20T08:40:36","date_gmt":"2019-05-20T08:40:36","guid":{"rendered":"http:\/\/blogdorogeriogomes.com.br\/?p=12803"},"modified":"2019-05-20T08:40:36","modified_gmt":"2019-05-20T08:40:36","slug":"apoiadores-de-bolsonaro-convocam-ato-para-o-proximo-dia-26-de-maio","status":"publish","type":"post","link":"https:\/\/blogdorogeriogomes.com.br\/noticias\/2019\/05\/apoiadores-de-bolsonaro-convocam-ato-para-o-proximo-dia-26-de-maio\/","title":{"rendered":"Apoiadores de Bolsonaro convocam ato para o pr\u00f3ximo dia 26 de maio"},"content":{"rendered":"<p><img loading=\"lazy\" decoding=\"async\" class=\"alignnone size-medium wp-image-12804\" src=\"http:\/\/blogdorogeriogomes.com.br\/wp-content\/uploads\/2019\/05\/images-2019-05-20T053352.246-300x223.jpeg\" alt=\"images - 2019-05-20T053352.246\" width=\"300\" height=\"223\" srcset=\"https:\/\/blogdorogeriogomes.com.br\/noticias\/wp-content\/uploads\/2019\/05\/images-2019-05-20T053352.246-300x223.jpeg 300w, https:\/\/blogdorogeriogomes.com.br\/noticias\/wp-content\/uploads\/2019\/05\/images-2019-05-20T053352.246.jpeg 643w\" sizes=\"auto, (max-width: 300px) 100vw, 300px\" \/><\/p>\n<p>Os apoiadores do presidente Jair Bolsonaro organizam um ato, no pr\u00f3ximo dia 26 de maio, para demonstrar apoio ao atual Governo e criticar a postura do Congresso Nacional e do Supremo Tribunal Federal.<br \/>\nMas dentro de setores da direita, a ideia de realizar um ato agora n\u00e3o \u00e9 unanimidade. A deputada estadual Janaina Paschoal (PSL-SP), por exemplo, conhecida por ter sido uma das autoras do pedido de impeachment da ex-presidente Dilma Rousseff, publicou uma s\u00e9rie de mensagens no Twitter na qual afirma ser contra as manifesta\u00e7\u00f5es que est\u00e3o sendo convocadas para apoiar o presidente Jair Bolsonaro. Para ela, se as ruas estiverem vazias, Bolsonaro perceber\u00e1 que ter\u00e1 de parar de &#8220;fazer drama&#8221; para trabalhar.<br \/>\n&#8220;Pelo amor de Deus, parem as convoca\u00e7\u00f5es! Essas pessoas precisam de um choque de realidade. N\u00e3o tem sentido quem est\u00e1 com o poder convocar manifesta\u00e7\u00f5es! Raciocinem! Eu s\u00f3 pe\u00e7o o b\u00e1sico! Reflitam!&#8221;, escreveu. &#8220;\u00c0queles que amam o Brasil, eu rogo: n\u00e3o se permitam usar! N\u00e3o me calei diante dos crimes da esquerda, n\u00e3o me calarei diante da irresponsabilidade da direita&#8221;, disse.<\/p>\n","protected":false},"excerpt":{"rendered":"<p>Os apoiadores do presidente Jair Bolsonaro organizam um ato, no pr\u00f3ximo dia 26 de maio, para demonstrar apoio ao atual Governo e criticar a postura do Congresso Nacional e do Supremo Tribunal Federal. Mas dentro de setores da direita, a ideia de realizar um ato agora n\u00e3o \u00e9 unanimidade. A deputada estadual Janaina Paschoal (PSL-SP), por exemplo, conhecida por ter sido uma das autoras do pedido de impeachment da ex-presidente Dilma Rousseff, publicou uma s\u00e9rie de mensagens no Twitter&hellip;<\/p>\n","protected":false},"author":1,"featured_media":0,"comment_status":"open","ping_status":"open","sticky":false,"template":"","format":"standard","meta":{"footnotes":""},"categories":[1],"tags":[],"class_list":["post-12803","post","type-post","status-publish","format-standard","hentry","category-noticias"],"_links":{"self":[{"href":"https:\/\/blogdorogeriogomes.com.br\/noticias\/wp-json\/wp\/v2\/posts\/12803","targetHints":{"allow":["GET"]}}],"collection":[{"href":"https:\/\/blogdorogeriogomes.com.br\/noticias\/wp-json\/wp\/v2\/posts"}],"about":[{"href":"https:\/\/blogdorogeriogomes.com.br\/noticias\/wp-json\/wp\/v2\/types\/post"}],"author":[{"embeddable":true,"href":"https:\/\/blogdorogeriogomes.com.br\/noticias\/wp-json\/wp\/v2\/users\/1"}],"replies":[{"embeddable":true,"href":"https:\/\/blogdorogeriogomes.com.br\/noticias\/wp-json\/wp\/v2\/comments?post=12803"}],"version-history":[{"count":1,"href":"https:\/\/blogdorogeriogomes.com.br\/noticias\/wp-json\/wp\/v2\/posts\/12803\/revisions"}],"predecessor-version":[{"id":12805,"href":"https:\/\/blogdorogeriogomes.com.br\/noticias\/wp-json\/wp\/v2\/posts\/12803\/revisions\/12805"}],"wp:attachment":[{"href":"https:\/\/blogdorogeriogomes.com.br\/noticias\/wp-json\/wp\/v2\/media?parent=12803"}],"wp:term":[{"taxonomy":"category","embeddable":true,"href":"https:\/\/blogdorogeriogomes.com.br\/noticias\/wp-json\/wp\/v2\/categories?post=12803"},{"taxonomy":"post_tag","embeddable":true,"href":"https:\/\/blogdorogeriogomes.com.br\/noticias\/wp-json\/wp\/v2\/tags?post=12803"}],"curies":[{"name":"wp","href":"https:\/\/api.w.org\/{rel}","templated":true}]}}