{"id":12806,"date":"2019-05-20T08:52:48","date_gmt":"2019-05-20T08:52:48","guid":{"rendered":"http:\/\/blogdorogeriogomes.com.br\/?p=12806"},"modified":"2019-05-20T08:52:48","modified_gmt":"2019-05-20T08:52:48","slug":"senador-cid-gomes-mostra-preocupacao-com-os-danos-causados-por-cortes-na-educacao","status":"publish","type":"post","link":"https:\/\/blogdorogeriogomes.com.br\/noticias\/2019\/05\/senador-cid-gomes-mostra-preocupacao-com-os-danos-causados-por-cortes-na-educacao\/","title":{"rendered":"Senador Cid Gomes mostra preocupa\u00e7\u00e3o com os danos causados por cortes na educa\u00e7\u00e3o"},"content":{"rendered":"<p><img loading=\"lazy\" decoding=\"async\" class=\"alignnone size-medium wp-image-12807\" src=\"http:\/\/blogdorogeriogomes.com.br\/wp-content\/uploads\/2019\/05\/imagem_materia-300x199.jpeg\" alt=\"imagem_materia\" width=\"300\" height=\"199\" srcset=\"https:\/\/blogdorogeriogomes.com.br\/noticias\/wp-content\/uploads\/2019\/05\/imagem_materia-300x199.jpeg 300w, https:\/\/blogdorogeriogomes.com.br\/noticias\/wp-content\/uploads\/2019\/05\/imagem_materia-768x509.jpeg 768w, https:\/\/blogdorogeriogomes.com.br\/noticias\/wp-content\/uploads\/2019\/05\/imagem_materia.jpeg 860w\" sizes=\"auto, (max-width: 300px) 100vw, 300px\" \/><\/p>\n<p>O senador cearense Cid Gomes (PDT) declarou que os cortes federais em rela\u00e7\u00e3o ao setor de educa\u00e7\u00e3o podem trazer preju\u00edzos irrepar\u00e1veis para o ensino superior. Ele avalia como desastrosa a atua\u00e7\u00e3o do atual ministro da Educa\u00e7\u00e3o, Abraham Weintraub. \u201cO problema n\u00e3o \u00e9 ele. \u00c9 quem o escolheu. O problema \u00e9 o Bolsonaro e seu grupo que chamou para perto umas figuras que s\u00e3o rid\u00edculas: essa ministra dos Direitos Humanos (Damares Alves), o ministro das Rela\u00e7\u00f5es Exteriores (Ernesto Ara\u00fajo), o ministro da Educa\u00e7\u00e3o atual e o anterior (Ricardo V\u00e9lez). \u00c9 um governo de gente que n\u00e3o est\u00e1 \u00e0 altura da responsabilidade que o povo lhe confiou.\u201d<br \/>\n\u201cO Brasil n\u00e3o pode, sob hip\u00f3tese nenhuma, sob argumento nenhum, reduzir, voltar atr\u00e1s nos avan\u00e7os que n\u00f3s j\u00e1 conquistamos na educa\u00e7\u00e3o superior, que s\u00f3 abre espa\u00e7o hoje para menos de 18% dos jovens de 18 a 22 anos\u201d, acrescentou.<br \/>\nDe acordo com o senador Cid Gomes, somente no Cear\u00e1 ser\u00e3o prejudicados quase 52 mil alunos nas tr\u00eas universidades federais, al\u00e9m de milhares de estudantes matriculados nos mais de 30 campi atrelados ao instituto federal da regi\u00e3o.<br \/>\n\u201cNo caso da UFC [Universidade Federal do Cear\u00e1], que tem 43 mil alunos matriculados, s\u00e3o 38% de bloqueio. No caso da Unilab [Universidade da Integra\u00e7\u00e3o Internacional da Lusofonia Afro-Brasileira], a reten\u00e7\u00e3o, no que se refere ao dano que causa, \u00e9 ainda pior, porque \u00e9 uma universidade em expans\u00e3o, rec\u00e9m-criada e que est\u00e1 em ritmo de cria\u00e7\u00e3o\u201d, afirmou.<\/p>\n","protected":false},"excerpt":{"rendered":"<p>O senador cearense Cid Gomes (PDT) declarou que os cortes federais em rela\u00e7\u00e3o ao setor de educa\u00e7\u00e3o podem trazer preju\u00edzos irrepar\u00e1veis para o ensino superior. Ele avalia como desastrosa a atua\u00e7\u00e3o do atual ministro da Educa\u00e7\u00e3o, Abraham Weintraub. \u201cO problema n\u00e3o \u00e9 ele. \u00c9 quem o escolheu. O problema \u00e9 o Bolsonaro e seu grupo que chamou para perto umas figuras que s\u00e3o rid\u00edculas: essa ministra dos Direitos Humanos (Damares Alves), o ministro das Rela\u00e7\u00f5es Exteriores (Ernesto Ara\u00fajo), o&hellip;<\/p>\n","protected":false},"author":1,"featured_media":0,"comment_status":"open","ping_status":"open","sticky":false,"template":"","format":"standard","meta":{"footnotes":""},"categories":[1],"tags":[],"class_list":["post-12806","post","type-post","status-publish","format-standard","hentry","category-noticias"],"_links":{"self":[{"href":"https:\/\/blogdorogeriogomes.com.br\/noticias\/wp-json\/wp\/v2\/posts\/12806","targetHints":{"allow":["GET"]}}],"collection":[{"href":"https:\/\/blogdorogeriogomes.com.br\/noticias\/wp-json\/wp\/v2\/posts"}],"about":[{"href":"https:\/\/blogdorogeriogomes.com.br\/noticias\/wp-json\/wp\/v2\/types\/post"}],"author":[{"embeddable":true,"href":"https:\/\/blogdorogeriogomes.com.br\/noticias\/wp-json\/wp\/v2\/users\/1"}],"replies":[{"embeddable":true,"href":"https:\/\/blogdorogeriogomes.com.br\/noticias\/wp-json\/wp\/v2\/comments?post=12806"}],"version-history":[{"count":1,"href":"https:\/\/blogdorogeriogomes.com.br\/noticias\/wp-json\/wp\/v2\/posts\/12806\/revisions"}],"predecessor-version":[{"id":12808,"href":"https:\/\/blogdorogeriogomes.com.br\/noticias\/wp-json\/wp\/v2\/posts\/12806\/revisions\/12808"}],"wp:attachment":[{"href":"https:\/\/blogdorogeriogomes.com.br\/noticias\/wp-json\/wp\/v2\/media?parent=12806"}],"wp:term":[{"taxonomy":"category","embeddable":true,"href":"https:\/\/blogdorogeriogomes.com.br\/noticias\/wp-json\/wp\/v2\/categories?post=12806"},{"taxonomy":"post_tag","embeddable":true,"href":"https:\/\/blogdorogeriogomes.com.br\/noticias\/wp-json\/wp\/v2\/tags?post=12806"}],"curies":[{"name":"wp","href":"https:\/\/api.w.org\/{rel}","templated":true}]}}