{"id":12809,"date":"2019-05-20T21:38:09","date_gmt":"2019-05-20T21:38:09","guid":{"rendered":"http:\/\/blogdorogeriogomes.com.br\/?p=12809"},"modified":"2019-05-20T21:38:09","modified_gmt":"2019-05-20T21:38:09","slug":"novas-vans-comecam-a-circular-no-transporte-complementar-em-fortaleza","status":"publish","type":"post","link":"https:\/\/blogdorogeriogomes.com.br\/noticias\/2019\/05\/novas-vans-comecam-a-circular-no-transporte-complementar-em-fortaleza\/","title":{"rendered":"Novas vans come\u00e7am a circular no transporte complementar em Fortaleza"},"content":{"rendered":"<p><img loading=\"lazy\" decoding=\"async\" class=\"alignnone size-medium wp-image-12810\" src=\"http:\/\/blogdorogeriogomes.com.br\/wp-content\/uploads\/2019\/05\/Prefeito-entrega-16-novas-vans-2005-1-300x176.jpg\" alt=\"Prefeito-entrega-16-novas-vans-2005-1\" width=\"300\" height=\"176\" srcset=\"https:\/\/blogdorogeriogomes.com.br\/noticias\/wp-content\/uploads\/2019\/05\/Prefeito-entrega-16-novas-vans-2005-1-300x176.jpg 300w, https:\/\/blogdorogeriogomes.com.br\/noticias\/wp-content\/uploads\/2019\/05\/Prefeito-entrega-16-novas-vans-2005-1-768x451.jpg 768w, https:\/\/blogdorogeriogomes.com.br\/noticias\/wp-content\/uploads\/2019\/05\/Prefeito-entrega-16-novas-vans-2005-1-1024x602.jpg 1024w\" sizes=\"auto, (max-width: 300px) 100vw, 300px\" \/><br \/>\nO servi\u00e7o de transporte complementar em Fortaleza passou a contar nesta segunda-feira, dia 20 de maio, com 16 novas vans. Todas elas passam a ser equipadas com ar-condicionado e internet wi-fi. H\u00e1 o compromisso de entrega de pelo menos outros 30 novos carros do tipo ao longo deste ano.<br \/>\nAs 16 novas vans s\u00e3o divididas em 14 mini\u00f4nibus (vans) e dois midi\u00f4nibus (micr\u00e3o), que trar\u00e3o mais comodidade aos trajetos dos fortalezenses. O primeiro tipo comporta 36 passageiros, 18 sentados e 18 em p\u00e9, e o segundo tem capacidade para 60 usu\u00e1rios, sendo 28 sentados e 32 em p\u00e9. Os novos carros fazem parte de um pacote de 20 que j\u00e1 foram entregues na Capital. Hoje, Fortaleza conta com 207 vans em funcionamento.<\/p>\n","protected":false},"excerpt":{"rendered":"<p>O servi\u00e7o de transporte complementar em Fortaleza passou a contar nesta segunda-feira, dia 20 de maio, com 16 novas vans. Todas elas passam a ser equipadas com ar-condicionado e internet wi-fi. H\u00e1 o compromisso de entrega de pelo menos outros 30 novos carros do tipo ao longo deste ano. As 16 novas vans s\u00e3o divididas em 14 mini\u00f4nibus (vans) e dois midi\u00f4nibus (micr\u00e3o), que trar\u00e3o mais comodidade aos trajetos dos fortalezenses. O primeiro tipo comporta 36 passageiros, 18 sentados&hellip;<\/p>\n","protected":false},"author":1,"featured_media":0,"comment_status":"open","ping_status":"open","sticky":false,"template":"","format":"standard","meta":{"footnotes":""},"categories":[1],"tags":[],"class_list":["post-12809","post","type-post","status-publish","format-standard","hentry","category-noticias"],"_links":{"self":[{"href":"https:\/\/blogdorogeriogomes.com.br\/noticias\/wp-json\/wp\/v2\/posts\/12809","targetHints":{"allow":["GET"]}}],"collection":[{"href":"https:\/\/blogdorogeriogomes.com.br\/noticias\/wp-json\/wp\/v2\/posts"}],"about":[{"href":"https:\/\/blogdorogeriogomes.com.br\/noticias\/wp-json\/wp\/v2\/types\/post"}],"author":[{"embeddable":true,"href":"https:\/\/blogdorogeriogomes.com.br\/noticias\/wp-json\/wp\/v2\/users\/1"}],"replies":[{"embeddable":true,"href":"https:\/\/blogdorogeriogomes.com.br\/noticias\/wp-json\/wp\/v2\/comments?post=12809"}],"version-history":[{"count":1,"href":"https:\/\/blogdorogeriogomes.com.br\/noticias\/wp-json\/wp\/v2\/posts\/12809\/revisions"}],"predecessor-version":[{"id":12811,"href":"https:\/\/blogdorogeriogomes.com.br\/noticias\/wp-json\/wp\/v2\/posts\/12809\/revisions\/12811"}],"wp:attachment":[{"href":"https:\/\/blogdorogeriogomes.com.br\/noticias\/wp-json\/wp\/v2\/media?parent=12809"}],"wp:term":[{"taxonomy":"category","embeddable":true,"href":"https:\/\/blogdorogeriogomes.com.br\/noticias\/wp-json\/wp\/v2\/categories?post=12809"},{"taxonomy":"post_tag","embeddable":true,"href":"https:\/\/blogdorogeriogomes.com.br\/noticias\/wp-json\/wp\/v2\/tags?post=12809"}],"curies":[{"name":"wp","href":"https:\/\/api.w.org\/{rel}","templated":true}]}}