{"id":12812,"date":"2019-05-20T22:21:30","date_gmt":"2019-05-20T22:21:30","guid":{"rendered":"http:\/\/blogdorogeriogomes.com.br\/?p=12812"},"modified":"2019-05-20T22:21:30","modified_gmt":"2019-05-20T22:21:30","slug":"bancada-cearense-em-brasilia-conhece-projetos-de-investimento-para-a-capital","status":"publish","type":"post","link":"https:\/\/blogdorogeriogomes.com.br\/noticias\/2019\/05\/bancada-cearense-em-brasilia-conhece-projetos-de-investimento-para-a-capital\/","title":{"rendered":"Bancada cearense em Bras\u00edlia conhece projetos de investimento para a Capital"},"content":{"rendered":"<p><img loading=\"lazy\" decoding=\"async\" class=\"alignnone size-medium wp-image-12813\" src=\"http:\/\/blogdorogeriogomes.com.br\/wp-content\/uploads\/2019\/05\/IMG_20190520_191633_809-300x182.jpg\" alt=\"IMG_20190520_191633_809\" width=\"300\" height=\"182\" srcset=\"https:\/\/blogdorogeriogomes.com.br\/noticias\/wp-content\/uploads\/2019\/05\/IMG_20190520_191633_809-300x182.jpg 300w, https:\/\/blogdorogeriogomes.com.br\/noticias\/wp-content\/uploads\/2019\/05\/IMG_20190520_191633_809-768x467.jpg 768w, https:\/\/blogdorogeriogomes.com.br\/noticias\/wp-content\/uploads\/2019\/05\/IMG_20190520_191633_809-1024x622.jpg 1024w, https:\/\/blogdorogeriogomes.com.br\/noticias\/wp-content\/uploads\/2019\/05\/IMG_20190520_191633_809.jpg 1236w\" sizes=\"auto, (max-width: 300px) 100vw, 300px\" \/><br \/>\nDeputados federais do Cear\u00e1 tiveram a oportunidade de conhecer nesta segunda-feira, dia 20 de maio, projetos de investimento da Prefeitura para Fortaleza. O prefeito Roberto Cl\u00e1udio recebeu, no Pa\u00e7o Municipal, a bancada federal para apresentar projetos e a\u00e7\u00f5es da gest\u00e3o municipal na \u00e1rea da Sa\u00fade, Infraestrutura e Desenvolvimento Econ\u00f4mico. O chefe do Executivo relatou o andamento de obras e execu\u00e7\u00e3o or\u00e7ament\u00e1rio, al\u00e9m de requerer apoio para obten\u00e7\u00e3o de recursos para as obras do Instituto Jos\u00e9 Frota 2 (IJF2), requalifica\u00e7\u00e3o da BR-116 e do Mercado S\u00e3o Sebasti\u00e3o.<br \/>\nParticiparam da reuni\u00e3o os deputados federais Andr\u00e9 Figueiredo (PDT), Denis Bezerra (PSB), Le\u00f4nidas Cristino (PDT), Eduardo Bismarck (PDT), Domingos Neto (PSD) e Rob\u00e9rio Monteiro (PDT), al\u00e9m de parte do secretariado municipal.<br \/>\nRoberto Cl\u00e1udio apresentou um balan\u00e7o geral dos investimentos e da amplia\u00e7\u00e3o da Rede de Sa\u00fade Municipal, contemplando obras na aten\u00e7\u00e3o prim\u00e1ria (postos de sa\u00fade), na aten\u00e7\u00e3o secund\u00e1ria e tamb\u00e9m terci\u00e1ria, com reforma e amplia\u00e7\u00e3o da rede hospitalar. Dentre as diversas iniciativas inovadoras na \u00e1rea apresentadas, houve destaque para a constru\u00e7\u00e3o do IJF2, cujas primeira e segunda etapas j\u00e1 foram entregues. A previs\u00e3o \u00e9 que a obra seja conclu\u00edda no in\u00edcio de 2020. O or\u00e7amento \u00e9 de R$ 74,6 milh\u00f5es, com recursos oriundos do Governo do Estado do Cear\u00e1 (50%) e Prefeitura de Fortaleza (50%).<br \/>\nAl\u00e9m das obras na \u00e1rea da sa\u00fade, o prefeito Roberto Cl\u00e1udio apresentou as obras de requalifica\u00e7\u00e3o da BR-116 e do Mercado S\u00e3o Sebasti\u00e3o. O projeto da rodovia federal, uma das mais importantes de acesso e sa\u00edda da cidade, contempla os primeiros 10 quil\u00f4metros no territ\u00f3rio de Fortaleza, com a implanta\u00e7\u00e3o de um Corredor Exclusivo de \u00d4nibus (BRT). A obra abrange a implanta\u00e7\u00e3o de sete conjuntos de abrigos especiais, com acesso exclusivo por passarelas, possibilitando a operacionaliza\u00e7\u00e3o do transporte p\u00fablico por \u00f4nibus com exclusividade do Terminal da Messejana at\u00e9 o Centro, na Avenida Domingos Ol\u00edmpio. O custo da obra \u00e9 de R$ 30 milh\u00f5es.<\/p>\n","protected":false},"excerpt":{"rendered":"<p>Deputados federais do Cear\u00e1 tiveram a oportunidade de conhecer nesta segunda-feira, dia 20 de maio, projetos de investimento da Prefeitura para Fortaleza. O prefeito Roberto Cl\u00e1udio recebeu, no Pa\u00e7o Municipal, a bancada federal para apresentar projetos e a\u00e7\u00f5es da gest\u00e3o municipal na \u00e1rea da Sa\u00fade, Infraestrutura e Desenvolvimento Econ\u00f4mico. O chefe do Executivo relatou o andamento de obras e execu\u00e7\u00e3o or\u00e7ament\u00e1rio, al\u00e9m de requerer apoio para obten\u00e7\u00e3o de recursos para as obras do Instituto Jos\u00e9 Frota 2 (IJF2), requalifica\u00e7\u00e3o&hellip;<\/p>\n","protected":false},"author":1,"featured_media":0,"comment_status":"open","ping_status":"open","sticky":false,"template":"","format":"standard","meta":{"footnotes":""},"categories":[1],"tags":[],"class_list":["post-12812","post","type-post","status-publish","format-standard","hentry","category-noticias"],"_links":{"self":[{"href":"https:\/\/blogdorogeriogomes.com.br\/noticias\/wp-json\/wp\/v2\/posts\/12812","targetHints":{"allow":["GET"]}}],"collection":[{"href":"https:\/\/blogdorogeriogomes.com.br\/noticias\/wp-json\/wp\/v2\/posts"}],"about":[{"href":"https:\/\/blogdorogeriogomes.com.br\/noticias\/wp-json\/wp\/v2\/types\/post"}],"author":[{"embeddable":true,"href":"https:\/\/blogdorogeriogomes.com.br\/noticias\/wp-json\/wp\/v2\/users\/1"}],"replies":[{"embeddable":true,"href":"https:\/\/blogdorogeriogomes.com.br\/noticias\/wp-json\/wp\/v2\/comments?post=12812"}],"version-history":[{"count":1,"href":"https:\/\/blogdorogeriogomes.com.br\/noticias\/wp-json\/wp\/v2\/posts\/12812\/revisions"}],"predecessor-version":[{"id":12814,"href":"https:\/\/blogdorogeriogomes.com.br\/noticias\/wp-json\/wp\/v2\/posts\/12812\/revisions\/12814"}],"wp:attachment":[{"href":"https:\/\/blogdorogeriogomes.com.br\/noticias\/wp-json\/wp\/v2\/media?parent=12812"}],"wp:term":[{"taxonomy":"category","embeddable":true,"href":"https:\/\/blogdorogeriogomes.com.br\/noticias\/wp-json\/wp\/v2\/categories?post=12812"},{"taxonomy":"post_tag","embeddable":true,"href":"https:\/\/blogdorogeriogomes.com.br\/noticias\/wp-json\/wp\/v2\/tags?post=12812"}],"curies":[{"name":"wp","href":"https:\/\/api.w.org\/{rel}","templated":true}]}}