{"id":12815,"date":"2019-05-21T09:51:47","date_gmt":"2019-05-21T09:51:47","guid":{"rendered":"http:\/\/blogdorogeriogomes.com.br\/?p=12815"},"modified":"2019-05-21T09:51:47","modified_gmt":"2019-05-21T09:51:47","slug":"em-primeira-viagem-ao-nordeste-bolsonaro-se-reune-com-governadores-em-pernambuco","status":"publish","type":"post","link":"https:\/\/blogdorogeriogomes.com.br\/noticias\/2019\/05\/em-primeira-viagem-ao-nordeste-bolsonaro-se-reune-com-governadores-em-pernambuco\/","title":{"rendered":"Em primeira viagem ao Nordeste, Bolsonaro se re\u00fane com governadores em Pernambuco"},"content":{"rendered":"<p><img loading=\"lazy\" decoding=\"async\" class=\"alignnone size-medium wp-image-12816\" src=\"http:\/\/blogdorogeriogomes.com.br\/wp-content\/uploads\/2019\/05\/IMG_20190521_064638_326-300x181.jpg\" alt=\"IMG_20190521_064638_326\" width=\"300\" height=\"181\" srcset=\"https:\/\/blogdorogeriogomes.com.br\/noticias\/wp-content\/uploads\/2019\/05\/IMG_20190521_064638_326-300x181.jpg 300w, https:\/\/blogdorogeriogomes.com.br\/noticias\/wp-content\/uploads\/2019\/05\/IMG_20190521_064638_326.jpg 725w\" sizes=\"auto, (max-width: 300px) 100vw, 300px\" \/><\/p>\n<p>Est\u00e1<span style=\"font-size: 0.8rem;\">\u00a0marcada para sexta-feira, dia 24 de maio, a primeira viagem do presidente Jair Bolsonaro ao Nordeste, desde que foi eleito. Ele vai visitar o estado de Pernambuco, onde deve ir a Petrolina e Recife. Est\u00e1 previsto um encontro na Capital pernambucana com os governadores nordestinos, entre eles, Camillo Santana, do Cear\u00e1.<\/span><\/p>\n<p>Em Petrolina, Bolsonaro vai entregar um conjunto habitacional do programa Minha Casa Minha Vida. J\u00e1 em Recife, ele dever\u00e1 anunciar um acr\u00e9scimo de R$ 2,1 bilh\u00f5es ao Fundo Constitucional de Financiamento do Nordeste, a ser usado em obras de infraestrutura.<br \/>\nEm clima de desgaste diante da opini\u00e3o p\u00fablica, Jair Bolsonaro tenta buscar apoio dos governadores nordestinos para a Reforma da Previd\u00eancia. Na pauta da reuni\u00e3o com os governadores, est\u00e3o pontos de interesse dos Estados, como o controle e a atua\u00e7\u00e3o de \u00f3rg\u00e3os regionais, a exemplo do Banco do Nordeste do Brasil (BNB), da Superintend\u00eancia do Desenvolvimento do Nordeste (Sudene) e do Departamento Nacional de Obras Contra as Secas (Dnocs).<br \/>\nAntes da viagem a Pernambuco, Bolsonaro tem encontro em Bras\u00edlia, nesta quarta-feira, dia 22, com parlamentares da bancada do Nordeste no Congresso Nacional.<\/p>\n","protected":false},"excerpt":{"rendered":"<p>Est\u00e1\u00a0marcada para sexta-feira, dia 24 de maio, a primeira viagem do presidente Jair Bolsonaro ao Nordeste, desde que foi eleito. Ele vai visitar o estado de Pernambuco, onde deve ir a Petrolina e Recife. Est\u00e1 previsto um encontro na Capital pernambucana com os governadores nordestinos, entre eles, Camillo Santana, do Cear\u00e1. Em Petrolina, Bolsonaro vai entregar um conjunto habitacional do programa Minha Casa Minha Vida. J\u00e1 em Recife, ele dever\u00e1 anunciar um acr\u00e9scimo de R$ 2,1 bilh\u00f5es ao Fundo&hellip;<\/p>\n","protected":false},"author":1,"featured_media":0,"comment_status":"open","ping_status":"open","sticky":false,"template":"","format":"standard","meta":{"footnotes":""},"categories":[1],"tags":[],"class_list":["post-12815","post","type-post","status-publish","format-standard","hentry","category-noticias"],"_links":{"self":[{"href":"https:\/\/blogdorogeriogomes.com.br\/noticias\/wp-json\/wp\/v2\/posts\/12815","targetHints":{"allow":["GET"]}}],"collection":[{"href":"https:\/\/blogdorogeriogomes.com.br\/noticias\/wp-json\/wp\/v2\/posts"}],"about":[{"href":"https:\/\/blogdorogeriogomes.com.br\/noticias\/wp-json\/wp\/v2\/types\/post"}],"author":[{"embeddable":true,"href":"https:\/\/blogdorogeriogomes.com.br\/noticias\/wp-json\/wp\/v2\/users\/1"}],"replies":[{"embeddable":true,"href":"https:\/\/blogdorogeriogomes.com.br\/noticias\/wp-json\/wp\/v2\/comments?post=12815"}],"version-history":[{"count":1,"href":"https:\/\/blogdorogeriogomes.com.br\/noticias\/wp-json\/wp\/v2\/posts\/12815\/revisions"}],"predecessor-version":[{"id":12817,"href":"https:\/\/blogdorogeriogomes.com.br\/noticias\/wp-json\/wp\/v2\/posts\/12815\/revisions\/12817"}],"wp:attachment":[{"href":"https:\/\/blogdorogeriogomes.com.br\/noticias\/wp-json\/wp\/v2\/media?parent=12815"}],"wp:term":[{"taxonomy":"category","embeddable":true,"href":"https:\/\/blogdorogeriogomes.com.br\/noticias\/wp-json\/wp\/v2\/categories?post=12815"},{"taxonomy":"post_tag","embeddable":true,"href":"https:\/\/blogdorogeriogomes.com.br\/noticias\/wp-json\/wp\/v2\/tags?post=12815"}],"curies":[{"name":"wp","href":"https:\/\/api.w.org\/{rel}","templated":true}]}}