{"id":12818,"date":"2019-05-21T10:13:58","date_gmt":"2019-05-21T10:13:58","guid":{"rendered":"http:\/\/blogdorogeriogomes.com.br\/?p=12818"},"modified":"2019-05-21T10:13:58","modified_gmt":"2019-05-21T10:13:58","slug":"comissao-da-assembleia-legislativa-vai-analisar-acoes-para-desenvolvimento-de-regioes-no-ceara","status":"publish","type":"post","link":"https:\/\/blogdorogeriogomes.com.br\/noticias\/2019\/05\/comissao-da-assembleia-legislativa-vai-analisar-acoes-para-desenvolvimento-de-regioes-no-ceara\/","title":{"rendered":"Comiss\u00e3o da Assembleia Legislativa vai analisar a\u00e7\u00f5es para desenvolvimento de regi\u00f5es no Cear\u00e1"},"content":{"rendered":"<p><img loading=\"lazy\" decoding=\"async\" class=\"alignnone size-medium wp-image-12819\" src=\"http:\/\/blogdorogeriogomes.com.br\/wp-content\/uploads\/2019\/05\/IMG_20190521_071023_115-300x209.jpg\" alt=\"IMG_20190521_071023_115\" width=\"300\" height=\"209\" srcset=\"https:\/\/blogdorogeriogomes.com.br\/noticias\/wp-content\/uploads\/2019\/05\/IMG_20190521_071023_115-300x209.jpg 300w, https:\/\/blogdorogeriogomes.com.br\/noticias\/wp-content\/uploads\/2019\/05\/IMG_20190521_071023_115.jpg 716w\" sizes=\"auto, (max-width: 300px) 100vw, 300px\" \/><\/p>\n<p>A Comiss\u00e3o Especial de Desenvolvimento das Regi\u00f5es de Planejamento do Estado inicia suas atividades esta semana na Assembleia Legislativa do Cear\u00e1. O objetivo \u00e9 tra\u00e7ar um plano estrat\u00e9gico de desenvolvimento econ\u00f4mico para cada uma das 14 regi\u00f5es do Estado.<br \/>\nA comiss\u00e3o \u00e9 presidida pelo deputado estadual Salmito Filho (PDT). Os trabalhos devem se estender por 12 meses, sendo esse per\u00edodo prorrog\u00e1vel por mais um ano.<br \/>\nO Governo do Estado j\u00e1 realiza esfor\u00e7os para garantir o desenvolvimento dos munic\u00edpios por regi\u00e3o, inclusive, na capta\u00e7\u00e3o de recursos. A Secretaria das Cidades finaliza os Planos de Desenvolvimento Urbano Integrados das Regi\u00f5es Metropolitanas da Zona Norte e do Cariri. O Plano de Fortaleza, contudo, deve ficar pronto s\u00f3 em 2020.<\/p>\n","protected":false},"excerpt":{"rendered":"<p>A Comiss\u00e3o Especial de Desenvolvimento das Regi\u00f5es de Planejamento do Estado inicia suas atividades esta semana na Assembleia Legislativa do Cear\u00e1. O objetivo \u00e9 tra\u00e7ar um plano estrat\u00e9gico de desenvolvimento econ\u00f4mico para cada uma das 14 regi\u00f5es do Estado. A comiss\u00e3o \u00e9 presidida pelo deputado estadual Salmito Filho (PDT). Os trabalhos devem se estender por 12 meses, sendo esse per\u00edodo prorrog\u00e1vel por mais um ano. O Governo do Estado j\u00e1 realiza esfor\u00e7os para garantir o desenvolvimento dos munic\u00edpios por&hellip;<\/p>\n","protected":false},"author":1,"featured_media":0,"comment_status":"open","ping_status":"open","sticky":false,"template":"","format":"standard","meta":{"footnotes":""},"categories":[1],"tags":[],"class_list":["post-12818","post","type-post","status-publish","format-standard","hentry","category-noticias"],"_links":{"self":[{"href":"https:\/\/blogdorogeriogomes.com.br\/noticias\/wp-json\/wp\/v2\/posts\/12818","targetHints":{"allow":["GET"]}}],"collection":[{"href":"https:\/\/blogdorogeriogomes.com.br\/noticias\/wp-json\/wp\/v2\/posts"}],"about":[{"href":"https:\/\/blogdorogeriogomes.com.br\/noticias\/wp-json\/wp\/v2\/types\/post"}],"author":[{"embeddable":true,"href":"https:\/\/blogdorogeriogomes.com.br\/noticias\/wp-json\/wp\/v2\/users\/1"}],"replies":[{"embeddable":true,"href":"https:\/\/blogdorogeriogomes.com.br\/noticias\/wp-json\/wp\/v2\/comments?post=12818"}],"version-history":[{"count":1,"href":"https:\/\/blogdorogeriogomes.com.br\/noticias\/wp-json\/wp\/v2\/posts\/12818\/revisions"}],"predecessor-version":[{"id":12820,"href":"https:\/\/blogdorogeriogomes.com.br\/noticias\/wp-json\/wp\/v2\/posts\/12818\/revisions\/12820"}],"wp:attachment":[{"href":"https:\/\/blogdorogeriogomes.com.br\/noticias\/wp-json\/wp\/v2\/media?parent=12818"}],"wp:term":[{"taxonomy":"category","embeddable":true,"href":"https:\/\/blogdorogeriogomes.com.br\/noticias\/wp-json\/wp\/v2\/categories?post=12818"},{"taxonomy":"post_tag","embeddable":true,"href":"https:\/\/blogdorogeriogomes.com.br\/noticias\/wp-json\/wp\/v2\/tags?post=12818"}],"curies":[{"name":"wp","href":"https:\/\/api.w.org\/{rel}","templated":true}]}}