{"id":12824,"date":"2019-05-21T20:47:23","date_gmt":"2019-05-21T20:47:23","guid":{"rendered":"http:\/\/blogdorogeriogomes.com.br\/?p=12824"},"modified":"2019-05-21T20:47:23","modified_gmt":"2019-05-21T20:47:23","slug":"em-carta-14-governadores-pedem-a-revogacao-do-decreto-de-armas-de-bolsonaro","status":"publish","type":"post","link":"https:\/\/blogdorogeriogomes.com.br\/noticias\/2019\/05\/em-carta-14-governadores-pedem-a-revogacao-do-decreto-de-armas-de-bolsonaro\/","title":{"rendered":"Em carta, 14 governadores pedem a revoga\u00e7\u00e3o do decreto de armas de Bolsonaro"},"content":{"rendered":"<p><img loading=\"lazy\" decoding=\"async\" class=\"alignnone size-medium wp-image-12825\" src=\"http:\/\/blogdorogeriogomes.com.br\/wp-content\/uploads\/2019\/05\/IMG_20190521_174325_274-300x200.jpg\" alt=\"IMG_20190521_174325_274\" width=\"300\" height=\"200\" srcset=\"https:\/\/blogdorogeriogomes.com.br\/noticias\/wp-content\/uploads\/2019\/05\/IMG_20190521_174325_274-300x200.jpg 300w, https:\/\/blogdorogeriogomes.com.br\/noticias\/wp-content\/uploads\/2019\/05\/IMG_20190521_174325_274.jpg 630w\" sizes=\"auto, (max-width: 300px) 100vw, 300px\" \/><\/p>\n<p>Partidos pol\u00edticos, como Rede e PSOL, j\u00e1 tinham entrado com a\u00e7\u00f5es no Supremo Tribunal Federal (STF) contra o decreto das armas do presidente Jair Bolsonaro. Agora, 14 governadores do Pa\u00eds assinaram uma carta em que pedem a revoga\u00e7\u00e3o do decreto.<br \/>\nNa carta, divulgada nesta ter\u00e7a-feira, dia 21 de maio, eles pedem que os &#8220;poderes Executivo, Legislativo e Judici\u00e1rio da Uni\u00e3o atuem tanto para sua imediata revoga\u00e7\u00e3o como para o avan\u00e7o de uma efetiva pol\u00edtica respons\u00e1vel de armas e muni\u00e7\u00e3o no pa\u00eds&#8221;.<br \/>\nO decreto, assinado por Bolsonaro no in\u00edcio do m\u00eas, amplia a quantidade de categorias e pessoas que t\u00eam direito a porte de armas no Brasil. No decreto, a empresa Taurus afirma que \u00e9 poss\u00edvel a venda at\u00e9 de fuzil.<br \/>\nO manifesto \u00e9 assinado pelos governadores dos nove estados do Nordeste, incluindo Camilo Santana, do Cear\u00e1, Distrito Federal, do Amap\u00e1, do Tocantins, do Par\u00e1 e do Esp\u00edrito Santo. A carta ser\u00e1 enviada ao Planalto.<\/p>\n","protected":false},"excerpt":{"rendered":"<p>Partidos pol\u00edticos, como Rede e PSOL, j\u00e1 tinham entrado com a\u00e7\u00f5es no Supremo Tribunal Federal (STF) contra o decreto das armas do presidente Jair Bolsonaro. Agora, 14 governadores do Pa\u00eds assinaram uma carta em que pedem a revoga\u00e7\u00e3o do decreto. Na carta, divulgada nesta ter\u00e7a-feira, dia 21 de maio, eles pedem que os &#8220;poderes Executivo, Legislativo e Judici\u00e1rio da Uni\u00e3o atuem tanto para sua imediata revoga\u00e7\u00e3o como para o avan\u00e7o de uma efetiva pol\u00edtica respons\u00e1vel de armas e muni\u00e7\u00e3o&hellip;<\/p>\n","protected":false},"author":1,"featured_media":0,"comment_status":"open","ping_status":"open","sticky":false,"template":"","format":"standard","meta":{"footnotes":""},"categories":[1],"tags":[],"class_list":["post-12824","post","type-post","status-publish","format-standard","hentry","category-noticias"],"_links":{"self":[{"href":"https:\/\/blogdorogeriogomes.com.br\/noticias\/wp-json\/wp\/v2\/posts\/12824","targetHints":{"allow":["GET"]}}],"collection":[{"href":"https:\/\/blogdorogeriogomes.com.br\/noticias\/wp-json\/wp\/v2\/posts"}],"about":[{"href":"https:\/\/blogdorogeriogomes.com.br\/noticias\/wp-json\/wp\/v2\/types\/post"}],"author":[{"embeddable":true,"href":"https:\/\/blogdorogeriogomes.com.br\/noticias\/wp-json\/wp\/v2\/users\/1"}],"replies":[{"embeddable":true,"href":"https:\/\/blogdorogeriogomes.com.br\/noticias\/wp-json\/wp\/v2\/comments?post=12824"}],"version-history":[{"count":1,"href":"https:\/\/blogdorogeriogomes.com.br\/noticias\/wp-json\/wp\/v2\/posts\/12824\/revisions"}],"predecessor-version":[{"id":12826,"href":"https:\/\/blogdorogeriogomes.com.br\/noticias\/wp-json\/wp\/v2\/posts\/12824\/revisions\/12826"}],"wp:attachment":[{"href":"https:\/\/blogdorogeriogomes.com.br\/noticias\/wp-json\/wp\/v2\/media?parent=12824"}],"wp:term":[{"taxonomy":"category","embeddable":true,"href":"https:\/\/blogdorogeriogomes.com.br\/noticias\/wp-json\/wp\/v2\/categories?post=12824"},{"taxonomy":"post_tag","embeddable":true,"href":"https:\/\/blogdorogeriogomes.com.br\/noticias\/wp-json\/wp\/v2\/tags?post=12824"}],"curies":[{"name":"wp","href":"https:\/\/api.w.org\/{rel}","templated":true}]}}