{"id":12827,"date":"2019-05-22T09:44:49","date_gmt":"2019-05-22T09:44:49","guid":{"rendered":"http:\/\/blogdorogeriogomes.com.br\/?p=12827"},"modified":"2019-05-22T09:44:49","modified_gmt":"2019-05-22T09:44:49","slug":"denuncias-de-candidaturas-laranjas-sao-enviadas-para-novas-investigacoes-na-policia-federal","status":"publish","type":"post","link":"https:\/\/blogdorogeriogomes.com.br\/noticias\/2019\/05\/denuncias-de-candidaturas-laranjas-sao-enviadas-para-novas-investigacoes-na-policia-federal\/","title":{"rendered":"Den\u00fancias de candidaturas laranjas s\u00e3o enviadas para novas investiga\u00e7\u00f5es na Pol\u00edcia Federal"},"content":{"rendered":"<p><img loading=\"lazy\" decoding=\"async\" class=\"alignnone size-medium wp-image-12828\" src=\"http:\/\/blogdorogeriogomes.com.br\/wp-content\/uploads\/2019\/05\/IMG_20190522_064058_377-300x200.jpg\" alt=\"IMG_20190522_064058_377\" width=\"300\" height=\"200\" srcset=\"https:\/\/blogdorogeriogomes.com.br\/noticias\/wp-content\/uploads\/2019\/05\/IMG_20190522_064058_377-300x200.jpg 300w, https:\/\/blogdorogeriogomes.com.br\/noticias\/wp-content\/uploads\/2019\/05\/IMG_20190522_064058_377.jpg 679w\" sizes=\"auto, (max-width: 300px) 100vw, 300px\" \/><\/p>\n<p>Den\u00fancias de candidaturas laranjas nas elei\u00e7\u00f5es de 2018 tamb\u00e9m s\u00e3o alvos de investiga\u00e7\u00e3o no Cear\u00e1. O Minist\u00e9rio P\u00fablico Eleitoral enviou \u00e0 Superintend\u00eancia Regional da Pol\u00edcia Federal, no Cear\u00e1, os processos relativos aos dois casos suspeitos de &#8220;candidaturas laranjas&#8221; nas elei\u00e7\u00f5es do ano passado no Estado, envolvendo o Partido Republicano da Ordem Social (Pros) e o Partido Social Liberal (PSL). Como os processos ainda n\u00e3o avan\u00e7aram, cabe agora aos policiais federais convocar os respons\u00e1veis para esclarecimentos sobre as poss\u00edveis irregularidades no \u00faltimo pleito.<br \/>\nO caso do Pros foi encaminhado \u00e0 Pol\u00edcia Federal na semana passada pela promotora Ant\u00f4nia Lima. J\u00e1 a den\u00fancia envolvendo o PSL, partido do presidente Jair Bolsonaro, foi levado \u00e0 PF na \u00faltima segunda-feira, dia 20 de maio, pelo promotor Jos\u00e9 Filho, titular da zona eleitoral 80.<\/p>\n","protected":false},"excerpt":{"rendered":"<p>Den\u00fancias de candidaturas laranjas nas elei\u00e7\u00f5es de 2018 tamb\u00e9m s\u00e3o alvos de investiga\u00e7\u00e3o no Cear\u00e1. O Minist\u00e9rio P\u00fablico Eleitoral enviou \u00e0 Superintend\u00eancia Regional da Pol\u00edcia Federal, no Cear\u00e1, os processos relativos aos dois casos suspeitos de &#8220;candidaturas laranjas&#8221; nas elei\u00e7\u00f5es do ano passado no Estado, envolvendo o Partido Republicano da Ordem Social (Pros) e o Partido Social Liberal (PSL). Como os processos ainda n\u00e3o avan\u00e7aram, cabe agora aos policiais federais convocar os respons\u00e1veis para esclarecimentos sobre as poss\u00edveis irregularidades&hellip;<\/p>\n","protected":false},"author":1,"featured_media":0,"comment_status":"open","ping_status":"open","sticky":false,"template":"","format":"standard","meta":{"footnotes":""},"categories":[1],"tags":[],"class_list":["post-12827","post","type-post","status-publish","format-standard","hentry","category-noticias"],"_links":{"self":[{"href":"https:\/\/blogdorogeriogomes.com.br\/noticias\/wp-json\/wp\/v2\/posts\/12827","targetHints":{"allow":["GET"]}}],"collection":[{"href":"https:\/\/blogdorogeriogomes.com.br\/noticias\/wp-json\/wp\/v2\/posts"}],"about":[{"href":"https:\/\/blogdorogeriogomes.com.br\/noticias\/wp-json\/wp\/v2\/types\/post"}],"author":[{"embeddable":true,"href":"https:\/\/blogdorogeriogomes.com.br\/noticias\/wp-json\/wp\/v2\/users\/1"}],"replies":[{"embeddable":true,"href":"https:\/\/blogdorogeriogomes.com.br\/noticias\/wp-json\/wp\/v2\/comments?post=12827"}],"version-history":[{"count":1,"href":"https:\/\/blogdorogeriogomes.com.br\/noticias\/wp-json\/wp\/v2\/posts\/12827\/revisions"}],"predecessor-version":[{"id":12829,"href":"https:\/\/blogdorogeriogomes.com.br\/noticias\/wp-json\/wp\/v2\/posts\/12827\/revisions\/12829"}],"wp:attachment":[{"href":"https:\/\/blogdorogeriogomes.com.br\/noticias\/wp-json\/wp\/v2\/media?parent=12827"}],"wp:term":[{"taxonomy":"category","embeddable":true,"href":"https:\/\/blogdorogeriogomes.com.br\/noticias\/wp-json\/wp\/v2\/categories?post=12827"},{"taxonomy":"post_tag","embeddable":true,"href":"https:\/\/blogdorogeriogomes.com.br\/noticias\/wp-json\/wp\/v2\/tags?post=12827"}],"curies":[{"name":"wp","href":"https:\/\/api.w.org\/{rel}","templated":true}]}}