{"id":12830,"date":"2019-05-22T09:59:51","date_gmt":"2019-05-22T09:59:51","guid":{"rendered":"http:\/\/blogdorogeriogomes.com.br\/?p=12830"},"modified":"2019-05-22T09:59:51","modified_gmt":"2019-05-22T09:59:51","slug":"vereadores-de-fortaleza-iniciam-articulacoes-para-mudancas-de-partido-ate-eleicoes-de-2020","status":"publish","type":"post","link":"https:\/\/blogdorogeriogomes.com.br\/noticias\/2019\/05\/vereadores-de-fortaleza-iniciam-articulacoes-para-mudancas-de-partido-ate-eleicoes-de-2020\/","title":{"rendered":"Vereadores de Fortaleza iniciam articula\u00e7\u00f5es para mudan\u00e7as de partido at\u00e9 elei\u00e7\u00f5es de 2020"},"content":{"rendered":"<p><img loading=\"lazy\" decoding=\"async\" class=\"alignnone size-medium wp-image-12831\" src=\"http:\/\/blogdorogeriogomes.com.br\/wp-content\/uploads\/2019\/05\/IMG_20190522_065147_140-300x225.jpg\" alt=\"IMG_20190522_065147_140\" width=\"300\" height=\"225\" srcset=\"https:\/\/blogdorogeriogomes.com.br\/noticias\/wp-content\/uploads\/2019\/05\/IMG_20190522_065147_140-300x225.jpg 300w, https:\/\/blogdorogeriogomes.com.br\/noticias\/wp-content\/uploads\/2019\/05\/IMG_20190522_065147_140-768x576.jpg 768w, https:\/\/blogdorogeriogomes.com.br\/noticias\/wp-content\/uploads\/2019\/05\/IMG_20190522_065147_140-1024x768.jpg 1024w\" sizes=\"auto, (max-width: 300px) 100vw, 300px\" \/><\/p>\n<p>Pr\u00f3ximo ano haver\u00e1 elei\u00e7\u00f5es municipais. Na C\u00e2mara de Vereadores de Fortaleza, parlamentares j\u00e1 se movimentam diante da necessidade de trocar de partidos. Com o fim das coliga\u00e7\u00f5es proporcionais, vereadores fazem as contas para ver as condi\u00e7\u00f5es mais adequadas para buscarem a reelei\u00e7\u00e3o.<br \/>\nO ano de 2020 ser\u00e1 de elei\u00e7\u00f5es municipais para prefeito e vereador. A janela partid\u00e1ria que permite a troca de legendas s\u00f3 deve ser aberta em abril de 2020, mas as negocia\u00e7\u00f5es j\u00e1 come\u00e7aram.<br \/>\nA maior preocupa\u00e7\u00e3o dos vereadores com as pr\u00f3ximas elei\u00e7\u00f5es \u00e9 com o fim da possibilidade de haver coliga\u00e7\u00f5es proporcionais entre os partidos. Isso pode provocar dificuldades de reelei\u00e7\u00e3o entre os pol\u00edticos que est\u00e3o em legendas consideradas pequenas.<br \/>\nNo Legislativo da Capital, alguns vereadores j\u00e1 se antecipam nas negocia\u00e7\u00f5es para mudar de agremia\u00e7\u00e3o. Partidos maiores podem se beneficiar com o fim das coliga\u00e7\u00f5es em 2020. O PDT, por exemplo, tem a maior bancada da C\u00e2mara Municipal de Fortaleza com 10 parlamentares. Pode at\u00e9 dobrar o n\u00famero at\u00e9 o pr\u00f3ximo ano. No entanto, vai dificultar a reelei\u00e7\u00e3o de quem hoje est\u00e1 com mandato.<\/p>\n","protected":false},"excerpt":{"rendered":"<p>Pr\u00f3ximo ano haver\u00e1 elei\u00e7\u00f5es municipais. Na C\u00e2mara de Vereadores de Fortaleza, parlamentares j\u00e1 se movimentam diante da necessidade de trocar de partidos. Com o fim das coliga\u00e7\u00f5es proporcionais, vereadores fazem as contas para ver as condi\u00e7\u00f5es mais adequadas para buscarem a reelei\u00e7\u00e3o. O ano de 2020 ser\u00e1 de elei\u00e7\u00f5es municipais para prefeito e vereador. A janela partid\u00e1ria que permite a troca de legendas s\u00f3 deve ser aberta em abril de 2020, mas as negocia\u00e7\u00f5es j\u00e1 come\u00e7aram. A maior preocupa\u00e7\u00e3o&hellip;<\/p>\n","protected":false},"author":1,"featured_media":0,"comment_status":"open","ping_status":"open","sticky":false,"template":"","format":"standard","meta":{"footnotes":""},"categories":[1],"tags":[],"class_list":["post-12830","post","type-post","status-publish","format-standard","hentry","category-noticias"],"_links":{"self":[{"href":"https:\/\/blogdorogeriogomes.com.br\/noticias\/wp-json\/wp\/v2\/posts\/12830","targetHints":{"allow":["GET"]}}],"collection":[{"href":"https:\/\/blogdorogeriogomes.com.br\/noticias\/wp-json\/wp\/v2\/posts"}],"about":[{"href":"https:\/\/blogdorogeriogomes.com.br\/noticias\/wp-json\/wp\/v2\/types\/post"}],"author":[{"embeddable":true,"href":"https:\/\/blogdorogeriogomes.com.br\/noticias\/wp-json\/wp\/v2\/users\/1"}],"replies":[{"embeddable":true,"href":"https:\/\/blogdorogeriogomes.com.br\/noticias\/wp-json\/wp\/v2\/comments?post=12830"}],"version-history":[{"count":1,"href":"https:\/\/blogdorogeriogomes.com.br\/noticias\/wp-json\/wp\/v2\/posts\/12830\/revisions"}],"predecessor-version":[{"id":12832,"href":"https:\/\/blogdorogeriogomes.com.br\/noticias\/wp-json\/wp\/v2\/posts\/12830\/revisions\/12832"}],"wp:attachment":[{"href":"https:\/\/blogdorogeriogomes.com.br\/noticias\/wp-json\/wp\/v2\/media?parent=12830"}],"wp:term":[{"taxonomy":"category","embeddable":true,"href":"https:\/\/blogdorogeriogomes.com.br\/noticias\/wp-json\/wp\/v2\/categories?post=12830"},{"taxonomy":"post_tag","embeddable":true,"href":"https:\/\/blogdorogeriogomes.com.br\/noticias\/wp-json\/wp\/v2\/tags?post=12830"}],"curies":[{"name":"wp","href":"https:\/\/api.w.org\/{rel}","templated":true}]}}