{"id":12836,"date":"2019-05-22T20:28:55","date_gmt":"2019-05-22T20:28:55","guid":{"rendered":"http:\/\/blogdorogeriogomes.com.br\/?p=12836"},"modified":"2019-05-22T20:28:55","modified_gmt":"2019-05-22T20:28:55","slug":"maioria-dos-parlamentares-cearenses-boicotou-o-encontro-com-bolsonaro-em-brasilia","status":"publish","type":"post","link":"https:\/\/blogdorogeriogomes.com.br\/noticias\/2019\/05\/maioria-dos-parlamentares-cearenses-boicotou-o-encontro-com-bolsonaro-em-brasilia\/","title":{"rendered":"Maioria dos parlamentares cearenses boicotou o encontro com Bolsonaro em Bras\u00edlia"},"content":{"rendered":"<p><img loading=\"lazy\" decoding=\"async\" class=\"alignnone size-medium wp-image-12837\" src=\"http:\/\/blogdorogeriogomes.com.br\/wp-content\/uploads\/2019\/05\/IMG_20190522_172313_784-300x201.jpg\" alt=\"IMG_20190522_172313_784\" width=\"300\" height=\"201\" srcset=\"https:\/\/blogdorogeriogomes.com.br\/noticias\/wp-content\/uploads\/2019\/05\/IMG_20190522_172313_784-300x201.jpg 300w, https:\/\/blogdorogeriogomes.com.br\/noticias\/wp-content\/uploads\/2019\/05\/IMG_20190522_172313_784-768x514.jpg 768w, https:\/\/blogdorogeriogomes.com.br\/noticias\/wp-content\/uploads\/2019\/05\/IMG_20190522_172313_784.jpg 897w\" sizes=\"auto, (max-width: 300px) 100vw, 300px\" \/><\/p>\n<p>Maioria dos parlamentares cearenses boicotou o encontro com o presidente Jair Bolsonaro nesta quarta-feira, dia 22 de maio, em Bras\u00edlia. Entre os presentes no encontro estavam apenas os deputados federais Heitor Freire (PSL), Capit\u00e3o Wagner(Pros), Roberto Pessoa (PSDB), Moses Rodrigues (MDB) e o senador Luis Eduardo Gir\u00e3o (Pros).<br \/>\nNem os senadores Tasso Jereissati (PSDB) e Cid Gomes (PDT) foram ao caf\u00e9 da manh\u00e3. Aus\u00eancia tamb\u00e9m do coordenador da bancada cearense em Bras\u00edlia, Domingos Neto (PSD). A principal cr\u00edtica dos parlamentares \u00e9 a falta de projetos do atual Governo para a Regi\u00e3o Nordeste, incluindo o Cear\u00e1.<br \/>\nParticiparam cerca da metade da bancada nordestina, que tem 151 pol\u00edticos. Havia a esperan\u00e7a de que houvesse algum an\u00fancio mais concreto de Bolsonaro para a regi\u00e3o.<br \/>\nPresente a reuni\u00e3o, o deputado Capit\u00e3o Wagner (Pros) disse que o Governo Federal deve lan\u00e7ar um pacote de a\u00e7\u00f5es dos diversos minist\u00e9rios voltadas para o Nordeste, mas sem maiores detalhes.<br \/>\nEst\u00e1 confirmada a viagem de Bolsonaro ao Nordeste nesta sexta-feira, dia 24 de maio. Ele cumprir\u00e1 agendas em Pernambuco e far\u00e1 o lan\u00e7amento do Plano de Desenvolvimento da Regi\u00e3o. O presidente deve enfrentar protestos que est\u00e3o sendo organizados na Capital pernambucana.<\/p>\n","protected":false},"excerpt":{"rendered":"<p>Maioria dos parlamentares cearenses boicotou o encontro com o presidente Jair Bolsonaro nesta quarta-feira, dia 22 de maio, em Bras\u00edlia. Entre os presentes no encontro estavam apenas os deputados federais Heitor Freire (PSL), Capit\u00e3o Wagner(Pros), Roberto Pessoa (PSDB), Moses Rodrigues (MDB) e o senador Luis Eduardo Gir\u00e3o (Pros). Nem os senadores Tasso Jereissati (PSDB) e Cid Gomes (PDT) foram ao caf\u00e9 da manh\u00e3. Aus\u00eancia tamb\u00e9m do coordenador da bancada cearense em Bras\u00edlia, Domingos Neto (PSD). A principal cr\u00edtica dos&hellip;<\/p>\n","protected":false},"author":1,"featured_media":0,"comment_status":"open","ping_status":"open","sticky":false,"template":"","format":"standard","meta":{"footnotes":""},"categories":[1],"tags":[],"class_list":["post-12836","post","type-post","status-publish","format-standard","hentry","category-noticias"],"_links":{"self":[{"href":"https:\/\/blogdorogeriogomes.com.br\/noticias\/wp-json\/wp\/v2\/posts\/12836","targetHints":{"allow":["GET"]}}],"collection":[{"href":"https:\/\/blogdorogeriogomes.com.br\/noticias\/wp-json\/wp\/v2\/posts"}],"about":[{"href":"https:\/\/blogdorogeriogomes.com.br\/noticias\/wp-json\/wp\/v2\/types\/post"}],"author":[{"embeddable":true,"href":"https:\/\/blogdorogeriogomes.com.br\/noticias\/wp-json\/wp\/v2\/users\/1"}],"replies":[{"embeddable":true,"href":"https:\/\/blogdorogeriogomes.com.br\/noticias\/wp-json\/wp\/v2\/comments?post=12836"}],"version-history":[{"count":1,"href":"https:\/\/blogdorogeriogomes.com.br\/noticias\/wp-json\/wp\/v2\/posts\/12836\/revisions"}],"predecessor-version":[{"id":12838,"href":"https:\/\/blogdorogeriogomes.com.br\/noticias\/wp-json\/wp\/v2\/posts\/12836\/revisions\/12838"}],"wp:attachment":[{"href":"https:\/\/blogdorogeriogomes.com.br\/noticias\/wp-json\/wp\/v2\/media?parent=12836"}],"wp:term":[{"taxonomy":"category","embeddable":true,"href":"https:\/\/blogdorogeriogomes.com.br\/noticias\/wp-json\/wp\/v2\/categories?post=12836"},{"taxonomy":"post_tag","embeddable":true,"href":"https:\/\/blogdorogeriogomes.com.br\/noticias\/wp-json\/wp\/v2\/tags?post=12836"}],"curies":[{"name":"wp","href":"https:\/\/api.w.org\/{rel}","templated":true}]}}