{"id":12839,"date":"2019-05-23T08:40:12","date_gmt":"2019-05-23T08:40:12","guid":{"rendered":"http:\/\/blogdorogeriogomes.com.br\/?p=12839"},"modified":"2019-05-23T08:40:12","modified_gmt":"2019-05-23T08:40:12","slug":"deputados-federais-retiram-coaf-do-ministerio-da-justica-e-mantem-controle-na-pasta-da-economia","status":"publish","type":"post","link":"https:\/\/blogdorogeriogomes.com.br\/noticias\/2019\/05\/deputados-federais-retiram-coaf-do-ministerio-da-justica-e-mantem-controle-na-pasta-da-economia\/","title":{"rendered":"Deputados federais retiram Coaf do Minist\u00e9rio da Justi\u00e7a e mant\u00e9m controle na pasta da Economia"},"content":{"rendered":"<p><img loading=\"lazy\" decoding=\"async\" class=\"alignnone size-medium wp-image-12840\" src=\"http:\/\/blogdorogeriogomes.com.br\/wp-content\/uploads\/2019\/05\/IMG_20190523_053556_699-300x230.jpg\" alt=\"IMG_20190523_053556_699\" width=\"300\" height=\"230\" srcset=\"https:\/\/blogdorogeriogomes.com.br\/noticias\/wp-content\/uploads\/2019\/05\/IMG_20190523_053556_699-300x230.jpg 300w, https:\/\/blogdorogeriogomes.com.br\/noticias\/wp-content\/uploads\/2019\/05\/IMG_20190523_053556_699.jpg 590w\" sizes=\"auto, (max-width: 300px) 100vw, 300px\" \/><\/p>\n<p>A C\u00e2mara dos<span style=\"font-size: 0.8rem;\">\u00a0Deputados imp\u00f4s por 228 votos a 221, na noite desta quarta-feira, dia 22 de maio, uma nova derrota pol\u00edtica ao ministro S\u00e9rgio Moro e ao governo de Jair Bolsonaro ao retirar o Conselho de Controle de Atividades Financeiras (Coaf) do Minist\u00e9rio da Justi\u00e7a e mant\u00ea-lo ligado ao Minist\u00e9rio da Economia.\u00a0<\/span><\/p>\n<p>Ap\u00f3s assumir a Presid\u00eancia da Rep\u00fablica, Bolsonaro transferiu o Coaf do extinto Minist\u00e9rio da Fazenda para o Minist\u00e9rio da Justi\u00e7a.<br \/>\nPartidos de oposi\u00e7\u00e3o e do Centr\u00e3o pressionaram o governo para que o \u00f3rg\u00e3o ficasse vinculado ao Minist\u00e9rio da Economia e apresentaram uma emenda, ainda na comiss\u00e3o, para alterar esse ponto.<br \/>\nOs parlamentares aprovaram ainda a redu\u00e7\u00e3o de 29 para 22 minist\u00e9rios proposta pelo presidente Jair Bolsonaro. A vota\u00e7\u00e3o desta MP 870, que trata ainda de outros pontos da reestrutura\u00e7\u00e3o do governo definida por Bolsonaro no in\u00edcio do mandato, seguir\u00e1 nesta quinta-feira, dia 23. Falta ser votado, por exemplo, um ponto que pro\u00edbe auditores da Receita Federal de investigar crimes que n\u00e3o sejam fiscais.<\/p>\n","protected":false},"excerpt":{"rendered":"<p>A C\u00e2mara dos\u00a0Deputados imp\u00f4s por 228 votos a 221, na noite desta quarta-feira, dia 22 de maio, uma nova derrota pol\u00edtica ao ministro S\u00e9rgio Moro e ao governo de Jair Bolsonaro ao retirar o Conselho de Controle de Atividades Financeiras (Coaf) do Minist\u00e9rio da Justi\u00e7a e mant\u00ea-lo ligado ao Minist\u00e9rio da Economia.\u00a0 Ap\u00f3s assumir a Presid\u00eancia da Rep\u00fablica, Bolsonaro transferiu o Coaf do extinto Minist\u00e9rio da Fazenda para o Minist\u00e9rio da Justi\u00e7a. Partidos de oposi\u00e7\u00e3o e do Centr\u00e3o pressionaram&hellip;<\/p>\n","protected":false},"author":1,"featured_media":0,"comment_status":"open","ping_status":"open","sticky":false,"template":"","format":"standard","meta":{"footnotes":""},"categories":[1],"tags":[],"class_list":["post-12839","post","type-post","status-publish","format-standard","hentry","category-noticias"],"_links":{"self":[{"href":"https:\/\/blogdorogeriogomes.com.br\/noticias\/wp-json\/wp\/v2\/posts\/12839","targetHints":{"allow":["GET"]}}],"collection":[{"href":"https:\/\/blogdorogeriogomes.com.br\/noticias\/wp-json\/wp\/v2\/posts"}],"about":[{"href":"https:\/\/blogdorogeriogomes.com.br\/noticias\/wp-json\/wp\/v2\/types\/post"}],"author":[{"embeddable":true,"href":"https:\/\/blogdorogeriogomes.com.br\/noticias\/wp-json\/wp\/v2\/users\/1"}],"replies":[{"embeddable":true,"href":"https:\/\/blogdorogeriogomes.com.br\/noticias\/wp-json\/wp\/v2\/comments?post=12839"}],"version-history":[{"count":1,"href":"https:\/\/blogdorogeriogomes.com.br\/noticias\/wp-json\/wp\/v2\/posts\/12839\/revisions"}],"predecessor-version":[{"id":12841,"href":"https:\/\/blogdorogeriogomes.com.br\/noticias\/wp-json\/wp\/v2\/posts\/12839\/revisions\/12841"}],"wp:attachment":[{"href":"https:\/\/blogdorogeriogomes.com.br\/noticias\/wp-json\/wp\/v2\/media?parent=12839"}],"wp:term":[{"taxonomy":"category","embeddable":true,"href":"https:\/\/blogdorogeriogomes.com.br\/noticias\/wp-json\/wp\/v2\/categories?post=12839"},{"taxonomy":"post_tag","embeddable":true,"href":"https:\/\/blogdorogeriogomes.com.br\/noticias\/wp-json\/wp\/v2\/tags?post=12839"}],"curies":[{"name":"wp","href":"https:\/\/api.w.org\/{rel}","templated":true}]}}