{"id":12845,"date":"2019-05-23T21:34:03","date_gmt":"2019-05-23T21:34:03","guid":{"rendered":"http:\/\/blogdorogeriogomes.com.br\/?p=12845"},"modified":"2019-05-23T21:34:03","modified_gmt":"2019-05-23T21:34:03","slug":"roberto-claudio-assina-ordem-de-servico-para-obras-em-corredores-turisticos-da-capital","status":"publish","type":"post","link":"https:\/\/blogdorogeriogomes.com.br\/noticias\/2019\/05\/roberto-claudio-assina-ordem-de-servico-para-obras-em-corredores-turisticos-da-capital\/","title":{"rendered":"Roberto Cl\u00e1udio assina ordem de servi\u00e7o para obras em corredores tur\u00edsticos da Capital"},"content":{"rendered":"<p><img loading=\"lazy\" decoding=\"async\" class=\"alignnone size-medium wp-image-12846\" src=\"http:\/\/blogdorogeriogomes.com.br\/wp-content\/uploads\/2019\/05\/IMG_20190523_183051_479-300x267.jpg\" alt=\"IMG_20190523_183051_479\" width=\"300\" height=\"267\" srcset=\"https:\/\/blogdorogeriogomes.com.br\/noticias\/wp-content\/uploads\/2019\/05\/IMG_20190523_183051_479-300x267.jpg 300w, https:\/\/blogdorogeriogomes.com.br\/noticias\/wp-content\/uploads\/2019\/05\/IMG_20190523_183051_479-768x684.jpg 768w, https:\/\/blogdorogeriogomes.com.br\/noticias\/wp-content\/uploads\/2019\/05\/IMG_20190523_183051_479-1024x912.jpg 1024w, https:\/\/blogdorogeriogomes.com.br\/noticias\/wp-content\/uploads\/2019\/05\/IMG_20190523_183051_479.jpg 1267w\" sizes=\"auto, (max-width: 300px) 100vw, 300px\" \/><\/p>\n<p>O prefeito Roberto Cl\u00e1udio assina, nesta sexta-feira, dia 24 de maio, a ordem de servi\u00e7o para o in\u00edcio das obras de requalifica\u00e7\u00e3o de corredores tur\u00edsticos de Fortaleza. O projeto prev\u00ea a urbaniza\u00e7\u00e3o da Avenida Vicente de Castro, no Mucuripe, al\u00e9m das Ruas Adolfo Caminha, na Praia de Iracema, e Jo\u00e3o Moreira, no Centro. As interven\u00e7\u00f5es t\u00eam como objetivo a liga\u00e7\u00e3o entre os principais corredores comerciais e tur\u00edsticos da Capital, priorizando o pedestre.<br \/>\nAs obras ter\u00e3o dura\u00e7\u00e3o de oito meses e consistem na constru\u00e7\u00e3o de cal\u00e7adas padronizadas, totalmente acess\u00edveis e com piso intertravado, paisagismo, ciclofaixas e nova ilumina\u00e7\u00e3o nas Ruas Jo\u00e3o Moreira e Adolfo Caminha.<br \/>\nAs obras dos corredores tur\u00edsticos tiveram in\u00edcio em 2013, com a requalifica\u00e7\u00e3o das avenidas Monsenhor Tabosa e Alberto Nepomuceno, al\u00e9m da Rua Jos\u00e9 Avelino, que receberam melhorias urban\u00edsticas nas cal\u00e7adas, canteiros e vias.<\/p>\n","protected":false},"excerpt":{"rendered":"<p>O prefeito Roberto Cl\u00e1udio assina, nesta sexta-feira, dia 24 de maio, a ordem de servi\u00e7o para o in\u00edcio das obras de requalifica\u00e7\u00e3o de corredores tur\u00edsticos de Fortaleza. O projeto prev\u00ea a urbaniza\u00e7\u00e3o da Avenida Vicente de Castro, no Mucuripe, al\u00e9m das Ruas Adolfo Caminha, na Praia de Iracema, e Jo\u00e3o Moreira, no Centro. As interven\u00e7\u00f5es t\u00eam como objetivo a liga\u00e7\u00e3o entre os principais corredores comerciais e tur\u00edsticos da Capital, priorizando o pedestre. As obras ter\u00e3o dura\u00e7\u00e3o de oito meses&hellip;<\/p>\n","protected":false},"author":1,"featured_media":0,"comment_status":"open","ping_status":"open","sticky":false,"template":"","format":"standard","meta":{"footnotes":""},"categories":[1],"tags":[],"class_list":["post-12845","post","type-post","status-publish","format-standard","hentry","category-noticias"],"_links":{"self":[{"href":"https:\/\/blogdorogeriogomes.com.br\/noticias\/wp-json\/wp\/v2\/posts\/12845","targetHints":{"allow":["GET"]}}],"collection":[{"href":"https:\/\/blogdorogeriogomes.com.br\/noticias\/wp-json\/wp\/v2\/posts"}],"about":[{"href":"https:\/\/blogdorogeriogomes.com.br\/noticias\/wp-json\/wp\/v2\/types\/post"}],"author":[{"embeddable":true,"href":"https:\/\/blogdorogeriogomes.com.br\/noticias\/wp-json\/wp\/v2\/users\/1"}],"replies":[{"embeddable":true,"href":"https:\/\/blogdorogeriogomes.com.br\/noticias\/wp-json\/wp\/v2\/comments?post=12845"}],"version-history":[{"count":1,"href":"https:\/\/blogdorogeriogomes.com.br\/noticias\/wp-json\/wp\/v2\/posts\/12845\/revisions"}],"predecessor-version":[{"id":12847,"href":"https:\/\/blogdorogeriogomes.com.br\/noticias\/wp-json\/wp\/v2\/posts\/12845\/revisions\/12847"}],"wp:attachment":[{"href":"https:\/\/blogdorogeriogomes.com.br\/noticias\/wp-json\/wp\/v2\/media?parent=12845"}],"wp:term":[{"taxonomy":"category","embeddable":true,"href":"https:\/\/blogdorogeriogomes.com.br\/noticias\/wp-json\/wp\/v2\/categories?post=12845"},{"taxonomy":"post_tag","embeddable":true,"href":"https:\/\/blogdorogeriogomes.com.br\/noticias\/wp-json\/wp\/v2\/tags?post=12845"}],"curies":[{"name":"wp","href":"https:\/\/api.w.org\/{rel}","templated":true}]}}