{"id":12848,"date":"2019-05-23T23:29:14","date_gmt":"2019-05-23T23:29:14","guid":{"rendered":"http:\/\/blogdorogeriogomes.com.br\/?p=12848"},"modified":"2019-05-23T23:29:14","modified_gmt":"2019-05-23T23:29:14","slug":"stf-garante-maioria-a-favor-da-criminalizacao-da-homofobia","status":"publish","type":"post","link":"https:\/\/blogdorogeriogomes.com.br\/noticias\/2019\/05\/stf-garante-maioria-a-favor-da-criminalizacao-da-homofobia\/","title":{"rendered":"STF garante maioria a favor da criminaliza\u00e7\u00e3o da homofobia"},"content":{"rendered":"<p><img loading=\"lazy\" decoding=\"async\" class=\"alignnone size-medium wp-image-12849\" src=\"http:\/\/blogdorogeriogomes.com.br\/wp-content\/uploads\/2019\/05\/IMG_20190523_202457_739-300x225.jpg\" alt=\"IMG_20190523_202457_739\" width=\"300\" height=\"225\" srcset=\"https:\/\/blogdorogeriogomes.com.br\/noticias\/wp-content\/uploads\/2019\/05\/IMG_20190523_202457_739-300x225.jpg 300w, https:\/\/blogdorogeriogomes.com.br\/noticias\/wp-content\/uploads\/2019\/05\/IMG_20190523_202457_739.jpg 450w\" sizes=\"auto, (max-width: 300px) 100vw, 300px\" \/><\/p>\n<p>Os ministros do Supremo Tribunal Federal (STF) asseguraram maioria na vota\u00e7\u00e3o pela criminaliza\u00e7\u00e3o da homofobia, nesta quinta-feira, dia 23 de maio. Seis dos 11 membros j\u00e1 votaram. Eles tamb\u00e9m votaram pela equipara\u00e7\u00e3o da pr\u00e1tica da homofobia ao crime de racismo. A maioria foi obtida com o voto do ministro Luiz Fux. O julgamento ser\u00e1 retomado no dia 5 de junho.<br \/>\nAs a\u00e7\u00f5es que pedem a criminaliza\u00e7\u00e3o da homofobia foram impetradas pelo antigo PPS (hoje Cidadania), pela ABGLT (Associa\u00e7\u00e3o Brasileira de Gays, L\u00e9sbicas e Transg\u00eaneros) e pelo Grupo Gay da Bahia.<br \/>\nAs a\u00e7\u00f5es argumentam que o Congresso Nacional foi omisso ao n\u00e3o legislar sobre a criminaliza\u00e7\u00e3o da homofobia e que, por isso, caberia ao STF tomar uma posi\u00e7\u00e3o sobre o assunto at\u00e9 que o Legislativo possa criar uma lei sobre essa pr\u00e1tica.<\/p>\n","protected":false},"excerpt":{"rendered":"<p>Os ministros do Supremo Tribunal Federal (STF) asseguraram maioria na vota\u00e7\u00e3o pela criminaliza\u00e7\u00e3o da homofobia, nesta quinta-feira, dia 23 de maio. Seis dos 11 membros j\u00e1 votaram. Eles tamb\u00e9m votaram pela equipara\u00e7\u00e3o da pr\u00e1tica da homofobia ao crime de racismo. A maioria foi obtida com o voto do ministro Luiz Fux. O julgamento ser\u00e1 retomado no dia 5 de junho. As a\u00e7\u00f5es que pedem a criminaliza\u00e7\u00e3o da homofobia foram impetradas pelo antigo PPS (hoje Cidadania), pela ABGLT (Associa\u00e7\u00e3o Brasileira&hellip;<\/p>\n","protected":false},"author":1,"featured_media":0,"comment_status":"open","ping_status":"open","sticky":false,"template":"","format":"standard","meta":{"footnotes":""},"categories":[1],"tags":[],"class_list":["post-12848","post","type-post","status-publish","format-standard","hentry","category-noticias"],"_links":{"self":[{"href":"https:\/\/blogdorogeriogomes.com.br\/noticias\/wp-json\/wp\/v2\/posts\/12848","targetHints":{"allow":["GET"]}}],"collection":[{"href":"https:\/\/blogdorogeriogomes.com.br\/noticias\/wp-json\/wp\/v2\/posts"}],"about":[{"href":"https:\/\/blogdorogeriogomes.com.br\/noticias\/wp-json\/wp\/v2\/types\/post"}],"author":[{"embeddable":true,"href":"https:\/\/blogdorogeriogomes.com.br\/noticias\/wp-json\/wp\/v2\/users\/1"}],"replies":[{"embeddable":true,"href":"https:\/\/blogdorogeriogomes.com.br\/noticias\/wp-json\/wp\/v2\/comments?post=12848"}],"version-history":[{"count":1,"href":"https:\/\/blogdorogeriogomes.com.br\/noticias\/wp-json\/wp\/v2\/posts\/12848\/revisions"}],"predecessor-version":[{"id":12850,"href":"https:\/\/blogdorogeriogomes.com.br\/noticias\/wp-json\/wp\/v2\/posts\/12848\/revisions\/12850"}],"wp:attachment":[{"href":"https:\/\/blogdorogeriogomes.com.br\/noticias\/wp-json\/wp\/v2\/media?parent=12848"}],"wp:term":[{"taxonomy":"category","embeddable":true,"href":"https:\/\/blogdorogeriogomes.com.br\/noticias\/wp-json\/wp\/v2\/categories?post=12848"},{"taxonomy":"post_tag","embeddable":true,"href":"https:\/\/blogdorogeriogomes.com.br\/noticias\/wp-json\/wp\/v2\/tags?post=12848"}],"curies":[{"name":"wp","href":"https:\/\/api.w.org\/{rel}","templated":true}]}}