{"id":12851,"date":"2019-05-24T08:30:44","date_gmt":"2019-05-24T08:30:44","guid":{"rendered":"http:\/\/blogdorogeriogomes.com.br\/?p=12851"},"modified":"2019-05-24T08:30:44","modified_gmt":"2019-05-24T08:30:44","slug":"governadores-do-nordeste-prometem-cobrar-bolsonaro-em-sua-primeira-viagem-ao-nordeste","status":"publish","type":"post","link":"https:\/\/blogdorogeriogomes.com.br\/noticias\/2019\/05\/governadores-do-nordeste-prometem-cobrar-bolsonaro-em-sua-primeira-viagem-ao-nordeste\/","title":{"rendered":"Governadores do Nordeste prometem cobrar Bolsonaro em sua primeira viagem ao Nordeste"},"content":{"rendered":"<p><img loading=\"lazy\" decoding=\"async\" class=\"alignnone size-medium wp-image-12852\" src=\"http:\/\/blogdorogeriogomes.com.br\/wp-content\/uploads\/2019\/05\/IMG_20190524_052628_980-300x203.jpg\" alt=\"IMG_20190524_052628_980\" width=\"300\" height=\"203\" srcset=\"https:\/\/blogdorogeriogomes.com.br\/noticias\/wp-content\/uploads\/2019\/05\/IMG_20190524_052628_980-300x203.jpg 300w, https:\/\/blogdorogeriogomes.com.br\/noticias\/wp-content\/uploads\/2019\/05\/IMG_20190524_052628_980.jpg 649w\" sizes=\"auto, (max-width: 300px) 100vw, 300px\" \/><\/p>\n<p>Os nove governadores nordestinos prometem cobrar do presidente Jair Bolsonaro a\u00e7\u00f5es efetivas para a Regi\u00e3o durante reuni\u00e3o, em Recife, nesta sexta-feira, dia 24 de maio. \u00c9 a primeira viagem do presidente da Rep\u00fablica ao Nordeste. Ele tamb\u00e9m ir\u00e1 a Petrolina. Protestos de estudantes e servidores foram articulados contra a presen\u00e7a de Bolsonaro em Pernambuco.<br \/>\nPara o governador do Cear\u00e1, Camilo Santana (PT), o momento \u00e9 de cobrar um plano de desenvolvimento efetivo para a Regi\u00e3o. &#8220;A\u00e7\u00f5es estruturantes que possam ajudar toda a regi\u00e3o do Nordeste brasileiro: a Transposi\u00e7\u00e3o do Rio S\u00e3o Francisco, a Transnordestina, que est\u00e1 parada, melhorar nossas rodovias, a duplica\u00e7\u00e3o das BRs&#8221;.<br \/>\nDiante do contingenciamento de recursos em v\u00e1rias \u00e1reas do Governo Federal, os gestores esperam que sejam definidas prioridades de investimentos para cada Estado. Para o governador do Maranh\u00e3o, Fl\u00e1vio Dino (PCdoB), &#8220;a ideia do plano regional \u00e9 boa. O problema \u00e9 que o Governo est\u00e1 perdido&#8221;. J\u00e1 o governador do Piau\u00ed, Wellington Dias (PT), pediu a retomada de obras paralisadas ou n\u00e3o iniciadas na regi\u00e3o nordestina. &#8220;\u00c9 hora de todo mundo descer do palanque e trabalhar muito&#8221;.<\/p>\n","protected":false},"excerpt":{"rendered":"<p>Os nove governadores nordestinos prometem cobrar do presidente Jair Bolsonaro a\u00e7\u00f5es efetivas para a Regi\u00e3o durante reuni\u00e3o, em Recife, nesta sexta-feira, dia 24 de maio. \u00c9 a primeira viagem do presidente da Rep\u00fablica ao Nordeste. Ele tamb\u00e9m ir\u00e1 a Petrolina. Protestos de estudantes e servidores foram articulados contra a presen\u00e7a de Bolsonaro em Pernambuco. Para o governador do Cear\u00e1, Camilo Santana (PT), o momento \u00e9 de cobrar um plano de desenvolvimento efetivo para a Regi\u00e3o. &#8220;A\u00e7\u00f5es estruturantes que possam&hellip;<\/p>\n","protected":false},"author":1,"featured_media":0,"comment_status":"open","ping_status":"open","sticky":false,"template":"","format":"standard","meta":{"footnotes":""},"categories":[1],"tags":[],"class_list":["post-12851","post","type-post","status-publish","format-standard","hentry","category-noticias"],"_links":{"self":[{"href":"https:\/\/blogdorogeriogomes.com.br\/noticias\/wp-json\/wp\/v2\/posts\/12851","targetHints":{"allow":["GET"]}}],"collection":[{"href":"https:\/\/blogdorogeriogomes.com.br\/noticias\/wp-json\/wp\/v2\/posts"}],"about":[{"href":"https:\/\/blogdorogeriogomes.com.br\/noticias\/wp-json\/wp\/v2\/types\/post"}],"author":[{"embeddable":true,"href":"https:\/\/blogdorogeriogomes.com.br\/noticias\/wp-json\/wp\/v2\/users\/1"}],"replies":[{"embeddable":true,"href":"https:\/\/blogdorogeriogomes.com.br\/noticias\/wp-json\/wp\/v2\/comments?post=12851"}],"version-history":[{"count":1,"href":"https:\/\/blogdorogeriogomes.com.br\/noticias\/wp-json\/wp\/v2\/posts\/12851\/revisions"}],"predecessor-version":[{"id":12853,"href":"https:\/\/blogdorogeriogomes.com.br\/noticias\/wp-json\/wp\/v2\/posts\/12851\/revisions\/12853"}],"wp:attachment":[{"href":"https:\/\/blogdorogeriogomes.com.br\/noticias\/wp-json\/wp\/v2\/media?parent=12851"}],"wp:term":[{"taxonomy":"category","embeddable":true,"href":"https:\/\/blogdorogeriogomes.com.br\/noticias\/wp-json\/wp\/v2\/categories?post=12851"},{"taxonomy":"post_tag","embeddable":true,"href":"https:\/\/blogdorogeriogomes.com.br\/noticias\/wp-json\/wp\/v2\/tags?post=12851"}],"curies":[{"name":"wp","href":"https:\/\/api.w.org\/{rel}","templated":true}]}}