{"id":12854,"date":"2019-05-24T08:52:13","date_gmt":"2019-05-24T08:52:13","guid":{"rendered":"http:\/\/blogdorogeriogomes.com.br\/?p=12854"},"modified":"2019-05-24T08:52:13","modified_gmt":"2019-05-24T08:52:13","slug":"nota-tecnica-do-senado-aponta-que-novo-decreto-de-armas-continua-com-inconstitucionalidades","status":"publish","type":"post","link":"https:\/\/blogdorogeriogomes.com.br\/noticias\/2019\/05\/nota-tecnica-do-senado-aponta-que-novo-decreto-de-armas-continua-com-inconstitucionalidades\/","title":{"rendered":"Nota t\u00e9cnica do Senado aponta que novo decreto de armas continua com inconstitucionalidades"},"content":{"rendered":"<p><img loading=\"lazy\" decoding=\"async\" class=\"alignnone size-medium wp-image-12855\" src=\"http:\/\/blogdorogeriogomes.com.br\/wp-content\/uploads\/2019\/05\/IMG_20190524_054810_567-300x198.jpg\" alt=\"IMG_20190524_054810_567\" width=\"300\" height=\"198\" srcset=\"https:\/\/blogdorogeriogomes.com.br\/noticias\/wp-content\/uploads\/2019\/05\/IMG_20190524_054810_567-300x198.jpg 300w, https:\/\/blogdorogeriogomes.com.br\/noticias\/wp-content\/uploads\/2019\/05\/IMG_20190524_054810_567.jpg 634w\" sizes=\"auto, (max-width: 300px) 100vw, 300px\" \/><\/p>\n<p>Uma nota t\u00e9cnica emitida pela Consultoria Legislativa do Senado Federal aponta que o novo decreto de armas do presidente Bolsonaro continua com inconstitucionalidades j\u00e1 descritas na vers\u00e3o anterior. A\u00e7\u00f5es no Supremo Tribunal Federal j\u00e1 questionam o decreto do Governo Federal que libera o uso de armas por algumas categorias.<br \/>\nOs t\u00e9cnicos do Senado afirmam que alguns pontos do novo decreto que flexibiliza o porte de armas n\u00e3o apresentaram &#8220;modifica\u00e7\u00e3o substancial&#8221; em rela\u00e7\u00e3o ao decreto anterior e &#8220;extrapolam a regulamenta\u00e7\u00e3o&#8221; do Estatuto do Desarmamento.<\/p>\n<p>Alvo de a\u00e7\u00f5es judiciais questionando as novas regras, o governo Bolsonaro recuou na quarta-feira, dia 22 de maio, e publicou no &#8220;Di\u00e1rio Oficial da Uni\u00e3o&#8221; um novo decreto sobre as regras para posse e porte de arma de fogo. Entre as altera\u00e7\u00f5es anunciadas est\u00e3o o veto ao porte de fuzis, carabinas ou espingardas para cidad\u00e3os comuns.<\/p>\n","protected":false},"excerpt":{"rendered":"<p>Uma nota t\u00e9cnica emitida pela Consultoria Legislativa do Senado Federal aponta que o novo decreto de armas do presidente Bolsonaro continua com inconstitucionalidades j\u00e1 descritas na vers\u00e3o anterior. A\u00e7\u00f5es no Supremo Tribunal Federal j\u00e1 questionam o decreto do Governo Federal que libera o uso de armas por algumas categorias. Os t\u00e9cnicos do Senado afirmam que alguns pontos do novo decreto que flexibiliza o porte de armas n\u00e3o apresentaram &#8220;modifica\u00e7\u00e3o substancial&#8221; em rela\u00e7\u00e3o ao decreto anterior e &#8220;extrapolam a regulamenta\u00e7\u00e3o&#8221;&hellip;<\/p>\n","protected":false},"author":1,"featured_media":0,"comment_status":"open","ping_status":"open","sticky":false,"template":"","format":"standard","meta":{"footnotes":""},"categories":[1],"tags":[],"class_list":["post-12854","post","type-post","status-publish","format-standard","hentry","category-noticias"],"_links":{"self":[{"href":"https:\/\/blogdorogeriogomes.com.br\/noticias\/wp-json\/wp\/v2\/posts\/12854","targetHints":{"allow":["GET"]}}],"collection":[{"href":"https:\/\/blogdorogeriogomes.com.br\/noticias\/wp-json\/wp\/v2\/posts"}],"about":[{"href":"https:\/\/blogdorogeriogomes.com.br\/noticias\/wp-json\/wp\/v2\/types\/post"}],"author":[{"embeddable":true,"href":"https:\/\/blogdorogeriogomes.com.br\/noticias\/wp-json\/wp\/v2\/users\/1"}],"replies":[{"embeddable":true,"href":"https:\/\/blogdorogeriogomes.com.br\/noticias\/wp-json\/wp\/v2\/comments?post=12854"}],"version-history":[{"count":1,"href":"https:\/\/blogdorogeriogomes.com.br\/noticias\/wp-json\/wp\/v2\/posts\/12854\/revisions"}],"predecessor-version":[{"id":12856,"href":"https:\/\/blogdorogeriogomes.com.br\/noticias\/wp-json\/wp\/v2\/posts\/12854\/revisions\/12856"}],"wp:attachment":[{"href":"https:\/\/blogdorogeriogomes.com.br\/noticias\/wp-json\/wp\/v2\/media?parent=12854"}],"wp:term":[{"taxonomy":"category","embeddable":true,"href":"https:\/\/blogdorogeriogomes.com.br\/noticias\/wp-json\/wp\/v2\/categories?post=12854"},{"taxonomy":"post_tag","embeddable":true,"href":"https:\/\/blogdorogeriogomes.com.br\/noticias\/wp-json\/wp\/v2\/tags?post=12854"}],"curies":[{"name":"wp","href":"https:\/\/api.w.org\/{rel}","templated":true}]}}