{"id":12857,"date":"2019-05-25T11:45:02","date_gmt":"2019-05-25T11:45:02","guid":{"rendered":"http:\/\/blogdorogeriogomes.com.br\/?p=12857"},"modified":"2019-05-25T11:45:02","modified_gmt":"2019-05-25T11:45:02","slug":"stf-concede-liminar-para-impedir-superlotacao-em-unidades-para-adolescentes-em-conflito","status":"publish","type":"post","link":"https:\/\/blogdorogeriogomes.com.br\/noticias\/2019\/05\/stf-concede-liminar-para-impedir-superlotacao-em-unidades-para-adolescentes-em-conflito\/","title":{"rendered":"STF concede liminar para impedir superlota\u00e7\u00e3o em unidades para adolescentes em conflito"},"content":{"rendered":"<p><img loading=\"lazy\" decoding=\"async\" class=\"alignnone size-medium wp-image-12858\" src=\"http:\/\/blogdorogeriogomes.com.br\/wp-content\/uploads\/2019\/05\/IMG_20190525_084014_947-300x210.jpg\" alt=\"IMG_20190525_084014_947\" width=\"300\" height=\"210\" srcset=\"https:\/\/blogdorogeriogomes.com.br\/noticias\/wp-content\/uploads\/2019\/05\/IMG_20190525_084014_947-300x210.jpg 300w, https:\/\/blogdorogeriogomes.com.br\/noticias\/wp-content\/uploads\/2019\/05\/IMG_20190525_084014_947.jpg 433w\" sizes=\"auto, (max-width: 300px) 100vw, 300px\" \/><\/p>\n<p>O Supremo Tribunal Federal (STF) resolveu intervir no problema da superlota\u00e7\u00e3o das unidades para interna\u00e7\u00e3o de adolescentes em conflito com a lei. A pedido de defensorias p\u00fablicas de sete estados e do Distrito Federal, incluindo o Cear\u00e1, essas institui\u00e7\u00f5es n\u00e3o podem ultrapassar 119% da tarde de ocupa\u00e7\u00e3o. A decis\u00e3o em car\u00e1ter liminar foi concedida pelo ministro do STF, Edson Fachin. O julgamento do m\u00e9rito est\u00e1 previsto para o dia 25 de junho.<br \/>\nDe acordo com a Defensoria P\u00fablica do Cear\u00e1, a taxa de superlota\u00e7\u00e3o est\u00e1 entre 123% a 160%. Em Fortaleza, a capacidade \u00e9 de 588 vagas para um total de 708 internos, sendo 664 do sexo masculino e 44 do sexo feminino.<br \/>\nAs unidades de interna\u00e7\u00e3o no Rio de Janeiro, Bahia, Cear\u00e1 e Pernambuco devem reduzir a superlota\u00e7\u00e3o. Documentos anexos \u00e0 peti\u00e7\u00e3o sustentam &#8220;situa\u00e7\u00e3o calamitosa&#8221; nos sistemas socioeducativos dos estados.<\/p>\n","protected":false},"excerpt":{"rendered":"<p>O Supremo Tribunal Federal (STF) resolveu intervir no problema da superlota\u00e7\u00e3o das unidades para interna\u00e7\u00e3o de adolescentes em conflito com a lei. A pedido de defensorias p\u00fablicas de sete estados e do Distrito Federal, incluindo o Cear\u00e1, essas institui\u00e7\u00f5es n\u00e3o podem ultrapassar 119% da tarde de ocupa\u00e7\u00e3o. A decis\u00e3o em car\u00e1ter liminar foi concedida pelo ministro do STF, Edson Fachin. O julgamento do m\u00e9rito est\u00e1 previsto para o dia 25 de junho. De acordo com a Defensoria P\u00fablica do&hellip;<\/p>\n","protected":false},"author":1,"featured_media":0,"comment_status":"open","ping_status":"open","sticky":false,"template":"","format":"standard","meta":{"footnotes":""},"categories":[1],"tags":[],"class_list":["post-12857","post","type-post","status-publish","format-standard","hentry","category-noticias"],"_links":{"self":[{"href":"https:\/\/blogdorogeriogomes.com.br\/noticias\/wp-json\/wp\/v2\/posts\/12857","targetHints":{"allow":["GET"]}}],"collection":[{"href":"https:\/\/blogdorogeriogomes.com.br\/noticias\/wp-json\/wp\/v2\/posts"}],"about":[{"href":"https:\/\/blogdorogeriogomes.com.br\/noticias\/wp-json\/wp\/v2\/types\/post"}],"author":[{"embeddable":true,"href":"https:\/\/blogdorogeriogomes.com.br\/noticias\/wp-json\/wp\/v2\/users\/1"}],"replies":[{"embeddable":true,"href":"https:\/\/blogdorogeriogomes.com.br\/noticias\/wp-json\/wp\/v2\/comments?post=12857"}],"version-history":[{"count":1,"href":"https:\/\/blogdorogeriogomes.com.br\/noticias\/wp-json\/wp\/v2\/posts\/12857\/revisions"}],"predecessor-version":[{"id":12859,"href":"https:\/\/blogdorogeriogomes.com.br\/noticias\/wp-json\/wp\/v2\/posts\/12857\/revisions\/12859"}],"wp:attachment":[{"href":"https:\/\/blogdorogeriogomes.com.br\/noticias\/wp-json\/wp\/v2\/media?parent=12857"}],"wp:term":[{"taxonomy":"category","embeddable":true,"href":"https:\/\/blogdorogeriogomes.com.br\/noticias\/wp-json\/wp\/v2\/categories?post=12857"},{"taxonomy":"post_tag","embeddable":true,"href":"https:\/\/blogdorogeriogomes.com.br\/noticias\/wp-json\/wp\/v2\/tags?post=12857"}],"curies":[{"name":"wp","href":"https:\/\/api.w.org\/{rel}","templated":true}]}}