{"id":12860,"date":"2019-05-25T12:17:42","date_gmt":"2019-05-25T12:17:42","guid":{"rendered":"http:\/\/blogdorogeriogomes.com.br\/?p=12860"},"modified":"2019-05-25T12:17:42","modified_gmt":"2019-05-25T12:17:42","slug":"ameaca-de-paulo-guedes-e-resposta-de-bolsonaro-revelam-que-ninguem-e-insubstituivel-no-governo","status":"publish","type":"post","link":"https:\/\/blogdorogeriogomes.com.br\/noticias\/2019\/05\/ameaca-de-paulo-guedes-e-resposta-de-bolsonaro-revelam-que-ninguem-e-insubstituivel-no-governo\/","title":{"rendered":"Amea\u00e7a de Paulo Guedes e resposta de Bolsonaro revelam que ningu\u00e9m \u00e9 \u201cinsubstitu\u00edvel\u201d no Governo"},"content":{"rendered":"<p><img loading=\"lazy\" decoding=\"async\" class=\"alignnone size-medium wp-image-12861\" src=\"http:\/\/blogdorogeriogomes.com.br\/wp-content\/uploads\/2019\/05\/IMG_20190525_091339_958-300x227.jpg\" alt=\"IMG_20190525_091339_958\" width=\"300\" height=\"227\" srcset=\"https:\/\/blogdorogeriogomes.com.br\/noticias\/wp-content\/uploads\/2019\/05\/IMG_20190525_091339_958-300x227.jpg 300w, https:\/\/blogdorogeriogomes.com.br\/noticias\/wp-content\/uploads\/2019\/05\/IMG_20190525_091339_958-768x582.jpg 768w, https:\/\/blogdorogeriogomes.com.br\/noticias\/wp-content\/uploads\/2019\/05\/IMG_20190525_091339_958.jpg 1000w\" sizes=\"auto, (max-width: 300px) 100vw, 300px\" \/><\/p>\n<p>Em entrevista \u00e0 Revista Veja, o ministro da Economia, Paulo Guedes disse que se a reforma da Previd\u00eancia, a ser aprovada no Congresso, for muito reduzida (abaixo de R$ 800 bilh\u00f5es de economia), ele deixar\u00e1 o Governo. Se foi por vaidade ou amea\u00e7a ao mercado, as declara\u00e7\u00f5es de Guedes talvez n\u00e3o tiveram o resultado esperado.<br \/>\nNem congressistas, nem gestores do mercado mostraram rea\u00e7\u00e3o a amea\u00e7a de Paulo Guedes. Afinal, os investidores est\u00e3o preocupados mesmo \u00e9 com o resultado que a reforma poder\u00e1 proporcionar ao mercado financeiro, n\u00e3o importando quem a levar\u00e1 adiante.<br \/>\nE quanto ao presidente Jair Bolsonaro, este mesmo \u00e9 que parece n\u00e3o ter se abalado com a amea\u00e7a do Ministro da Economia. &#8220;Ningu\u00e9m \u00e9 obrigado a continuar como ministro meu. Logicamente, ele est\u00e1 vendo uma cat\u00e1strofe. E \u00e9 verdade, concordo com ele, se n\u00f3s n\u00e3o aprovarmos uma reforma muito pr\u00f3xima da que n\u00f3s enviamos para o parlamento. Ent\u00e3o, o Paulo Guedes n\u00e3o \u00e9 nenhum vidente, n\u00e3o precisa ser, para entender que o Brasil mergulha num caos econ\u00f4mico sem a aprova\u00e7\u00e3o dessa reforma&#8221;, afirmou Bolsonaro.<br \/>\nA manifesta\u00e7\u00e3o geral \u00e9 que Paulo Guedes est\u00e1 se sentindo maior do que o cargo que ocupa. Em pol\u00edtica, a vaidade quase sempre n\u00e3o \u00e9 boa companhia.<\/p>\n","protected":false},"excerpt":{"rendered":"<p>Em entrevista \u00e0 Revista Veja, o ministro da Economia, Paulo Guedes disse que se a reforma da Previd\u00eancia, a ser aprovada no Congresso, for muito reduzida (abaixo de R$ 800 bilh\u00f5es de economia), ele deixar\u00e1 o Governo. Se foi por vaidade ou amea\u00e7a ao mercado, as declara\u00e7\u00f5es de Guedes talvez n\u00e3o tiveram o resultado esperado. Nem congressistas, nem gestores do mercado mostraram rea\u00e7\u00e3o a amea\u00e7a de Paulo Guedes. Afinal, os investidores est\u00e3o preocupados mesmo \u00e9 com o resultado que&hellip;<\/p>\n","protected":false},"author":1,"featured_media":0,"comment_status":"open","ping_status":"open","sticky":false,"template":"","format":"standard","meta":{"footnotes":""},"categories":[1],"tags":[],"class_list":["post-12860","post","type-post","status-publish","format-standard","hentry","category-noticias"],"_links":{"self":[{"href":"https:\/\/blogdorogeriogomes.com.br\/noticias\/wp-json\/wp\/v2\/posts\/12860","targetHints":{"allow":["GET"]}}],"collection":[{"href":"https:\/\/blogdorogeriogomes.com.br\/noticias\/wp-json\/wp\/v2\/posts"}],"about":[{"href":"https:\/\/blogdorogeriogomes.com.br\/noticias\/wp-json\/wp\/v2\/types\/post"}],"author":[{"embeddable":true,"href":"https:\/\/blogdorogeriogomes.com.br\/noticias\/wp-json\/wp\/v2\/users\/1"}],"replies":[{"embeddable":true,"href":"https:\/\/blogdorogeriogomes.com.br\/noticias\/wp-json\/wp\/v2\/comments?post=12860"}],"version-history":[{"count":1,"href":"https:\/\/blogdorogeriogomes.com.br\/noticias\/wp-json\/wp\/v2\/posts\/12860\/revisions"}],"predecessor-version":[{"id":12862,"href":"https:\/\/blogdorogeriogomes.com.br\/noticias\/wp-json\/wp\/v2\/posts\/12860\/revisions\/12862"}],"wp:attachment":[{"href":"https:\/\/blogdorogeriogomes.com.br\/noticias\/wp-json\/wp\/v2\/media?parent=12860"}],"wp:term":[{"taxonomy":"category","embeddable":true,"href":"https:\/\/blogdorogeriogomes.com.br\/noticias\/wp-json\/wp\/v2\/categories?post=12860"},{"taxonomy":"post_tag","embeddable":true,"href":"https:\/\/blogdorogeriogomes.com.br\/noticias\/wp-json\/wp\/v2\/tags?post=12860"}],"curies":[{"name":"wp","href":"https:\/\/api.w.org\/{rel}","templated":true}]}}