{"id":12863,"date":"2019-05-27T11:40:53","date_gmt":"2019-05-27T11:40:53","guid":{"rendered":"http:\/\/blogdorogeriogomes.com.br\/?p=12863"},"modified":"2019-05-27T11:40:53","modified_gmt":"2019-05-27T11:40:53","slug":"manifestacoes-pro-bolsonaro-podem-agravar-relacao-entre-o-planalto-congresso-e-stf","status":"publish","type":"post","link":"https:\/\/blogdorogeriogomes.com.br\/noticias\/2019\/05\/manifestacoes-pro-bolsonaro-podem-agravar-relacao-entre-o-planalto-congresso-e-stf\/","title":{"rendered":"Manifesta\u00e7\u00f5es pr\u00f3 Bolsonaro podem agravar rela\u00e7\u00e3o entre o Planalto, Congresso e STF"},"content":{"rendered":"<p><img loading=\"lazy\" decoding=\"async\" class=\"alignnone size-medium wp-image-12864\" src=\"http:\/\/blogdorogeriogomes.com.br\/wp-content\/uploads\/2019\/05\/IMG_20190527_083616_556-300x190.jpg\" alt=\"IMG_20190527_083616_556\" width=\"300\" height=\"190\" srcset=\"https:\/\/blogdorogeriogomes.com.br\/noticias\/wp-content\/uploads\/2019\/05\/IMG_20190527_083616_556-300x190.jpg 300w, https:\/\/blogdorogeriogomes.com.br\/noticias\/wp-content\/uploads\/2019\/05\/IMG_20190527_083616_556.jpg 379w\" sizes=\"auto, (max-width: 300px) 100vw, 300px\" \/><\/p>\n<p>Um levantamento feito pelo Portal G1 mostrou que as manifesta\u00e7\u00f5es favor\u00e1veis ao governo de Jair Bolsonaro, neste domingo, dia 26 de maio, atingiram 156 cidades de todos os 26 estados e do Distrito Federal. No entanto, a avalia\u00e7\u00e3o de l\u00edderes no Congresso Nacional e at\u00e9 de integrantes da ala mais moderada do Governo \u00e9 que as manifesta\u00e7\u00f5es n\u00e3o devem melhorar em nada a rela\u00e7\u00e3o de Bolsonaro com o Congresso, com o Centr\u00e3o, com o presidente da C\u00e2mara, Rodrigo Maia, e com o Supremo Tribunal Federal.<br \/>\nO Governo Federal mant\u00e9m dificuldades para consolidar uma base parlamentar, de quem depende para avan\u00e7ar pautas como a reforma da Previd\u00eancia e o pacote anticrime.<br \/>\nNa contram\u00e3o de melhorar a rela\u00e7\u00e3o com os parlamentares, as manifesta\u00e7\u00f5es de domingo foram dominadas pelos apoiadores mais radicais de Bolsonaro, onde parte deste grupo defende solu\u00e7\u00f5es autorit\u00e1rias como o fechamento do Congresso e do STF.<br \/>\nAp\u00f3s desistir de ir aos protestos para n\u00e3o associar a imagem do governo \u00e0s passeatas, o presidente passou o domingo nas redes sociais compartilhando v\u00eddeos e mandando recados para parlamentares, voltando a associ\u00e1-los \u00e0 velha pol\u00edtica.<br \/>\n\u00c9 esperar os pr\u00f3ximos desdobramentos na semana pol\u00edtica em Bras\u00edlia.<\/p>\n","protected":false},"excerpt":{"rendered":"<p>Um levantamento feito pelo Portal G1 mostrou que as manifesta\u00e7\u00f5es favor\u00e1veis ao governo de Jair Bolsonaro, neste domingo, dia 26 de maio, atingiram 156 cidades de todos os 26 estados e do Distrito Federal. No entanto, a avalia\u00e7\u00e3o de l\u00edderes no Congresso Nacional e at\u00e9 de integrantes da ala mais moderada do Governo \u00e9 que as manifesta\u00e7\u00f5es n\u00e3o devem melhorar em nada a rela\u00e7\u00e3o de Bolsonaro com o Congresso, com o Centr\u00e3o, com o presidente da C\u00e2mara, Rodrigo Maia,&hellip;<\/p>\n","protected":false},"author":1,"featured_media":0,"comment_status":"open","ping_status":"open","sticky":false,"template":"","format":"standard","meta":{"footnotes":""},"categories":[1],"tags":[],"class_list":["post-12863","post","type-post","status-publish","format-standard","hentry","category-noticias"],"_links":{"self":[{"href":"https:\/\/blogdorogeriogomes.com.br\/noticias\/wp-json\/wp\/v2\/posts\/12863","targetHints":{"allow":["GET"]}}],"collection":[{"href":"https:\/\/blogdorogeriogomes.com.br\/noticias\/wp-json\/wp\/v2\/posts"}],"about":[{"href":"https:\/\/blogdorogeriogomes.com.br\/noticias\/wp-json\/wp\/v2\/types\/post"}],"author":[{"embeddable":true,"href":"https:\/\/blogdorogeriogomes.com.br\/noticias\/wp-json\/wp\/v2\/users\/1"}],"replies":[{"embeddable":true,"href":"https:\/\/blogdorogeriogomes.com.br\/noticias\/wp-json\/wp\/v2\/comments?post=12863"}],"version-history":[{"count":1,"href":"https:\/\/blogdorogeriogomes.com.br\/noticias\/wp-json\/wp\/v2\/posts\/12863\/revisions"}],"predecessor-version":[{"id":12865,"href":"https:\/\/blogdorogeriogomes.com.br\/noticias\/wp-json\/wp\/v2\/posts\/12863\/revisions\/12865"}],"wp:attachment":[{"href":"https:\/\/blogdorogeriogomes.com.br\/noticias\/wp-json\/wp\/v2\/media?parent=12863"}],"wp:term":[{"taxonomy":"category","embeddable":true,"href":"https:\/\/blogdorogeriogomes.com.br\/noticias\/wp-json\/wp\/v2\/categories?post=12863"},{"taxonomy":"post_tag","embeddable":true,"href":"https:\/\/blogdorogeriogomes.com.br\/noticias\/wp-json\/wp\/v2\/tags?post=12863"}],"curies":[{"name":"wp","href":"https:\/\/api.w.org\/{rel}","templated":true}]}}