{"id":12866,"date":"2019-05-27T12:00:47","date_gmt":"2019-05-27T12:00:47","guid":{"rendered":"http:\/\/blogdorogeriogomes.com.br\/?p=12866"},"modified":"2019-05-27T12:00:47","modified_gmt":"2019-05-27T12:00:47","slug":"camilo-santana-recebe-deputados-aliados-no-palacio-da-abolicao-para-apresentar-projetos","status":"publish","type":"post","link":"https:\/\/blogdorogeriogomes.com.br\/noticias\/2019\/05\/camilo-santana-recebe-deputados-aliados-no-palacio-da-abolicao-para-apresentar-projetos\/","title":{"rendered":"Camilo Santana recebe deputados aliados no Pal\u00e1cio da Aboli\u00e7\u00e3o para apresentar projetos"},"content":{"rendered":"<p><img loading=\"lazy\" decoding=\"async\" class=\"alignnone size-medium wp-image-12867\" src=\"http:\/\/blogdorogeriogomes.com.br\/wp-content\/uploads\/2019\/05\/IMG_20190527_085604_194-300x201.jpg\" alt=\"IMG_20190527_085604_194\" width=\"300\" height=\"201\" srcset=\"https:\/\/blogdorogeriogomes.com.br\/noticias\/wp-content\/uploads\/2019\/05\/IMG_20190527_085604_194-300x201.jpg 300w, https:\/\/blogdorogeriogomes.com.br\/noticias\/wp-content\/uploads\/2019\/05\/IMG_20190527_085604_194.jpg 673w\" sizes=\"auto, (max-width: 300px) 100vw, 300px\" \/><\/p>\n<p>O governador do Cear\u00e1, Camilo Santana, recebe nesta segunda-feira, dia 27 de maio, deputados estaduais da base aliada, no Pal\u00e1cio da Aboli\u00e7\u00e3o. Secret\u00e1rios estaduais tamb\u00e9m devem participar do encontro, que tem o objetivo de fazer uma apresenta\u00e7\u00e3o da situa\u00e7\u00e3o fiscal do Estado, projetos em execu\u00e7\u00e3o e tamb\u00e9m ouvir as demandas dos parlamentares.<br \/>\nH\u00e1 uma insatisfa\u00e7\u00e3o de deputados aliados quanto a demora no atendimento de demandas em alguns munic\u00edpios. A base de Camilo Santana \u00e9 formada por cerca de 38 dos 46 deputados da Assembleia Legislativa do Cear\u00e1.<br \/>\nUma das dificuldades enfrentadas por Camilo Santana tem sido a ampla base aliada que foi formada ainda na campanha eleitoral para a reelei\u00e7\u00e3o. Em v\u00e1rios munic\u00edpios cearenses, deputados de situa\u00e7\u00e3o e oposi\u00e7\u00e3o est\u00e3o do mesmo lado. Defendem o governador, mas est\u00e3o em lados pol\u00edticos diferentes no munic\u00edpio. Isso acaba dificultando o atendimento de demandas pelo Governo Estadual que agradem aos dois lados.<\/p>\n","protected":false},"excerpt":{"rendered":"<p>O governador do Cear\u00e1, Camilo Santana, recebe nesta segunda-feira, dia 27 de maio, deputados estaduais da base aliada, no Pal\u00e1cio da Aboli\u00e7\u00e3o. Secret\u00e1rios estaduais tamb\u00e9m devem participar do encontro, que tem o objetivo de fazer uma apresenta\u00e7\u00e3o da situa\u00e7\u00e3o fiscal do Estado, projetos em execu\u00e7\u00e3o e tamb\u00e9m ouvir as demandas dos parlamentares. H\u00e1 uma insatisfa\u00e7\u00e3o de deputados aliados quanto a demora no atendimento de demandas em alguns munic\u00edpios. A base de Camilo Santana \u00e9 formada por cerca de 38&hellip;<\/p>\n","protected":false},"author":1,"featured_media":0,"comment_status":"open","ping_status":"open","sticky":false,"template":"","format":"standard","meta":{"footnotes":""},"categories":[1],"tags":[],"class_list":["post-12866","post","type-post","status-publish","format-standard","hentry","category-noticias"],"_links":{"self":[{"href":"https:\/\/blogdorogeriogomes.com.br\/noticias\/wp-json\/wp\/v2\/posts\/12866","targetHints":{"allow":["GET"]}}],"collection":[{"href":"https:\/\/blogdorogeriogomes.com.br\/noticias\/wp-json\/wp\/v2\/posts"}],"about":[{"href":"https:\/\/blogdorogeriogomes.com.br\/noticias\/wp-json\/wp\/v2\/types\/post"}],"author":[{"embeddable":true,"href":"https:\/\/blogdorogeriogomes.com.br\/noticias\/wp-json\/wp\/v2\/users\/1"}],"replies":[{"embeddable":true,"href":"https:\/\/blogdorogeriogomes.com.br\/noticias\/wp-json\/wp\/v2\/comments?post=12866"}],"version-history":[{"count":1,"href":"https:\/\/blogdorogeriogomes.com.br\/noticias\/wp-json\/wp\/v2\/posts\/12866\/revisions"}],"predecessor-version":[{"id":12868,"href":"https:\/\/blogdorogeriogomes.com.br\/noticias\/wp-json\/wp\/v2\/posts\/12866\/revisions\/12868"}],"wp:attachment":[{"href":"https:\/\/blogdorogeriogomes.com.br\/noticias\/wp-json\/wp\/v2\/media?parent=12866"}],"wp:term":[{"taxonomy":"category","embeddable":true,"href":"https:\/\/blogdorogeriogomes.com.br\/noticias\/wp-json\/wp\/v2\/categories?post=12866"},{"taxonomy":"post_tag","embeddable":true,"href":"https:\/\/blogdorogeriogomes.com.br\/noticias\/wp-json\/wp\/v2\/tags?post=12866"}],"curies":[{"name":"wp","href":"https:\/\/api.w.org\/{rel}","templated":true}]}}