{"id":12869,"date":"2019-05-27T21:12:39","date_gmt":"2019-05-27T21:12:39","guid":{"rendered":"http:\/\/blogdorogeriogomes.com.br\/?p=12869"},"modified":"2019-05-27T21:12:39","modified_gmt":"2019-05-27T21:12:39","slug":"secretario-de-planejamento-e-gestao-mauro-filho-confirma-reajuste-de-servidores-publicos-pela-inflacao","status":"publish","type":"post","link":"https:\/\/blogdorogeriogomes.com.br\/noticias\/2019\/05\/secretario-de-planejamento-e-gestao-mauro-filho-confirma-reajuste-de-servidores-publicos-pela-inflacao\/","title":{"rendered":"Secret\u00e1rio de Planejamento e Gest\u00e3o, Mauro Filho, confirma reajuste de servidores p\u00fablicos pela infla\u00e7\u00e3o"},"content":{"rendered":"<p><img loading=\"lazy\" decoding=\"async\" class=\"alignnone size-medium wp-image-12870\" src=\"http:\/\/blogdorogeriogomes.com.br\/wp-content\/uploads\/2019\/05\/IMG_20190527_180726_459-300x213.jpg\" alt=\"IMG_20190527_180726_459\" width=\"300\" height=\"213\" srcset=\"https:\/\/blogdorogeriogomes.com.br\/noticias\/wp-content\/uploads\/2019\/05\/IMG_20190527_180726_459-300x213.jpg 300w, https:\/\/blogdorogeriogomes.com.br\/noticias\/wp-content\/uploads\/2019\/05\/IMG_20190527_180726_459.jpg 654w\" sizes=\"auto, (max-width: 300px) 100vw, 300px\" \/><\/p>\n<p>Depois de pedir licen\u00e7a do mandato de deputado federal, o secret\u00e1rio de Planejamento e Gest\u00e3o do Cear\u00e1, Mauro Filho, confirmou que o reajuste dos servidores do Estado que ganham um sal\u00e1rio m\u00ednimo, atualmente em R$ 998, dever\u00e1 acompanhar apenas a infla\u00e7\u00e3o medida pelo \u00cdndice de Pre\u00e7os ao Consumidor (IPCA). Para professores e agentes de sa\u00fade, que tamb\u00e9m t\u00eam sal\u00e1rio m\u00ednimo assegurado por lei, o reajuste ser\u00e1 diferenciado. A expectativa \u00e9 que o aumento, de 4,17%, comece a ser concedido em folha de pagamento a partir de agosto.<br \/>\nMauro Filho tamb\u00e9m anunciou que o Governo do Cear\u00e1 vai suspender a realiza\u00e7\u00e3o de novos concursos publico temporariamente. A homologa\u00e7\u00e3o das sele\u00e7\u00f5es que j\u00e1 foram realizadas e o chamamento dos candidatos aprovados tamb\u00e9m ser\u00e3o suspensas. A medida faz parte de um pacote de a\u00e7\u00f5es do governador Camilo Santana para diminuir despesas na m\u00e1quina p\u00fablica estadual.<\/p>\n","protected":false},"excerpt":{"rendered":"<p>Depois de pedir licen\u00e7a do mandato de deputado federal, o secret\u00e1rio de Planejamento e Gest\u00e3o do Cear\u00e1, Mauro Filho, confirmou que o reajuste dos servidores do Estado que ganham um sal\u00e1rio m\u00ednimo, atualmente em R$ 998, dever\u00e1 acompanhar apenas a infla\u00e7\u00e3o medida pelo \u00cdndice de Pre\u00e7os ao Consumidor (IPCA). Para professores e agentes de sa\u00fade, que tamb\u00e9m t\u00eam sal\u00e1rio m\u00ednimo assegurado por lei, o reajuste ser\u00e1 diferenciado. A expectativa \u00e9 que o aumento, de 4,17%, comece a ser concedido&hellip;<\/p>\n","protected":false},"author":1,"featured_media":0,"comment_status":"open","ping_status":"open","sticky":false,"template":"","format":"standard","meta":{"footnotes":""},"categories":[1],"tags":[],"class_list":["post-12869","post","type-post","status-publish","format-standard","hentry","category-noticias"],"_links":{"self":[{"href":"https:\/\/blogdorogeriogomes.com.br\/noticias\/wp-json\/wp\/v2\/posts\/12869","targetHints":{"allow":["GET"]}}],"collection":[{"href":"https:\/\/blogdorogeriogomes.com.br\/noticias\/wp-json\/wp\/v2\/posts"}],"about":[{"href":"https:\/\/blogdorogeriogomes.com.br\/noticias\/wp-json\/wp\/v2\/types\/post"}],"author":[{"embeddable":true,"href":"https:\/\/blogdorogeriogomes.com.br\/noticias\/wp-json\/wp\/v2\/users\/1"}],"replies":[{"embeddable":true,"href":"https:\/\/blogdorogeriogomes.com.br\/noticias\/wp-json\/wp\/v2\/comments?post=12869"}],"version-history":[{"count":1,"href":"https:\/\/blogdorogeriogomes.com.br\/noticias\/wp-json\/wp\/v2\/posts\/12869\/revisions"}],"predecessor-version":[{"id":12871,"href":"https:\/\/blogdorogeriogomes.com.br\/noticias\/wp-json\/wp\/v2\/posts\/12869\/revisions\/12871"}],"wp:attachment":[{"href":"https:\/\/blogdorogeriogomes.com.br\/noticias\/wp-json\/wp\/v2\/media?parent=12869"}],"wp:term":[{"taxonomy":"category","embeddable":true,"href":"https:\/\/blogdorogeriogomes.com.br\/noticias\/wp-json\/wp\/v2\/categories?post=12869"},{"taxonomy":"post_tag","embeddable":true,"href":"https:\/\/blogdorogeriogomes.com.br\/noticias\/wp-json\/wp\/v2\/tags?post=12869"}],"curies":[{"name":"wp","href":"https:\/\/api.w.org\/{rel}","templated":true}]}}