{"id":12872,"date":"2019-05-27T21:31:37","date_gmt":"2019-05-27T21:31:37","guid":{"rendered":"http:\/\/blogdorogeriogomes.com.br\/?p=12872"},"modified":"2019-05-27T21:31:37","modified_gmt":"2019-05-27T21:31:37","slug":"ministerio-da-saude-abre-novas-vagas-para-mais-medicos-ate-proxima-quarta-feira","status":"publish","type":"post","link":"https:\/\/blogdorogeriogomes.com.br\/noticias\/2019\/05\/ministerio-da-saude-abre-novas-vagas-para-mais-medicos-ate-proxima-quarta-feira\/","title":{"rendered":"Minist\u00e9rio da Sa\u00fade abre novas vagas para Mais M\u00e9dicos at\u00e9 pr\u00f3xima quarta-feira"},"content":{"rendered":"<p><img loading=\"lazy\" decoding=\"async\" class=\"alignnone size-medium wp-image-12873\" src=\"http:\/\/blogdorogeriogomes.com.br\/wp-content\/uploads\/2019\/05\/IMG_20190527_182758_207-300x289.jpg\" alt=\"IMG_20190527_182758_207\" width=\"300\" height=\"289\" srcset=\"https:\/\/blogdorogeriogomes.com.br\/noticias\/wp-content\/uploads\/2019\/05\/IMG_20190527_182758_207-300x289.jpg 300w, https:\/\/blogdorogeriogomes.com.br\/noticias\/wp-content\/uploads\/2019\/05\/IMG_20190527_182758_207.jpg 468w\" sizes=\"auto, (max-width: 300px) 100vw, 300px\" \/><\/p>\n<p>O Minist\u00e9rio da Sa\u00fade voltou a abrir prazo para inscri\u00e7\u00f5es no Programa Mais M\u00e9dicos. A partir desta segunda-feira, dia 27 de maio, profissionais habilitados em qualquer Conselho Regional de Medicina (CRM) do Pa\u00eds j\u00e1 podem se inscrever. As inscri\u00e7\u00f5es seguem at\u00e9 pr\u00f3xima quarta-feira, dia 29, \u00e0s 18 horas (de Bras\u00edlia), pela internet. A previs\u00e3o \u00e9 para que os m\u00e9dicos j\u00e1 comecem a atuar nas unidades de sa\u00fade \u00e9 junho deste ano. O Programa refor\u00e7ar\u00e1 o atendimento na aten\u00e7\u00e3o prim\u00e1ria \u00e0 sa\u00fade em cidades com altos \u00edndices de vulnerabilidade social.<br \/>\nPara o Cear\u00e1, foram disponibilizadas, preliminarmente, 245 vagas em 105 munic\u00edpios. Os m\u00e9dicos participantes recebem bolsa-forma\u00e7\u00e3o mensal de R$ 11.865,60.<\/p>\n","protected":false},"excerpt":{"rendered":"<p>O Minist\u00e9rio da Sa\u00fade voltou a abrir prazo para inscri\u00e7\u00f5es no Programa Mais M\u00e9dicos. A partir desta segunda-feira, dia 27 de maio, profissionais habilitados em qualquer Conselho Regional de Medicina (CRM) do Pa\u00eds j\u00e1 podem se inscrever. As inscri\u00e7\u00f5es seguem at\u00e9 pr\u00f3xima quarta-feira, dia 29, \u00e0s 18 horas (de Bras\u00edlia), pela internet. A previs\u00e3o \u00e9 para que os m\u00e9dicos j\u00e1 comecem a atuar nas unidades de sa\u00fade \u00e9 junho deste ano. O Programa refor\u00e7ar\u00e1 o atendimento na aten\u00e7\u00e3o prim\u00e1ria&hellip;<\/p>\n","protected":false},"author":1,"featured_media":0,"comment_status":"open","ping_status":"open","sticky":false,"template":"","format":"standard","meta":{"footnotes":""},"categories":[1],"tags":[],"class_list":["post-12872","post","type-post","status-publish","format-standard","hentry","category-noticias"],"_links":{"self":[{"href":"https:\/\/blogdorogeriogomes.com.br\/noticias\/wp-json\/wp\/v2\/posts\/12872","targetHints":{"allow":["GET"]}}],"collection":[{"href":"https:\/\/blogdorogeriogomes.com.br\/noticias\/wp-json\/wp\/v2\/posts"}],"about":[{"href":"https:\/\/blogdorogeriogomes.com.br\/noticias\/wp-json\/wp\/v2\/types\/post"}],"author":[{"embeddable":true,"href":"https:\/\/blogdorogeriogomes.com.br\/noticias\/wp-json\/wp\/v2\/users\/1"}],"replies":[{"embeddable":true,"href":"https:\/\/blogdorogeriogomes.com.br\/noticias\/wp-json\/wp\/v2\/comments?post=12872"}],"version-history":[{"count":1,"href":"https:\/\/blogdorogeriogomes.com.br\/noticias\/wp-json\/wp\/v2\/posts\/12872\/revisions"}],"predecessor-version":[{"id":12874,"href":"https:\/\/blogdorogeriogomes.com.br\/noticias\/wp-json\/wp\/v2\/posts\/12872\/revisions\/12874"}],"wp:attachment":[{"href":"https:\/\/blogdorogeriogomes.com.br\/noticias\/wp-json\/wp\/v2\/media?parent=12872"}],"wp:term":[{"taxonomy":"category","embeddable":true,"href":"https:\/\/blogdorogeriogomes.com.br\/noticias\/wp-json\/wp\/v2\/categories?post=12872"},{"taxonomy":"post_tag","embeddable":true,"href":"https:\/\/blogdorogeriogomes.com.br\/noticias\/wp-json\/wp\/v2\/tags?post=12872"}],"curies":[{"name":"wp","href":"https:\/\/api.w.org\/{rel}","templated":true}]}}