{"id":12876,"date":"2019-05-28T09:11:01","date_gmt":"2019-05-28T09:11:01","guid":{"rendered":"http:\/\/blogdorogeriogomes.com.br\/?p=12876"},"modified":"2019-05-28T09:11:01","modified_gmt":"2019-05-28T09:11:01","slug":"saude-publica-deve-ser-o-proximo-tema-de-encontro-de-deputados-estaduais-com-camilo-santana","status":"publish","type":"post","link":"https:\/\/blogdorogeriogomes.com.br\/noticias\/2019\/05\/saude-publica-deve-ser-o-proximo-tema-de-encontro-de-deputados-estaduais-com-camilo-santana\/","title":{"rendered":"Sa\u00fade p\u00fablica deve ser o pr\u00f3ximo tema de encontro de deputados estaduais com Camilo Santana"},"content":{"rendered":"<p><img loading=\"lazy\" decoding=\"async\" class=\"alignnone size-medium wp-image-12877\" src=\"http:\/\/blogdorogeriogomes.com.br\/wp-content\/uploads\/2019\/05\/IMG_20190528_060322_739-300x300.jpg\" alt=\"IMG_20190528_060322_739\" width=\"300\" height=\"300\" srcset=\"https:\/\/blogdorogeriogomes.com.br\/noticias\/wp-content\/uploads\/2019\/05\/IMG_20190528_060322_739-300x300.jpg 300w, https:\/\/blogdorogeriogomes.com.br\/noticias\/wp-content\/uploads\/2019\/05\/IMG_20190528_060322_739-150x150.jpg 150w, https:\/\/blogdorogeriogomes.com.br\/noticias\/wp-content\/uploads\/2019\/05\/IMG_20190528_060322_739.jpg 663w\" sizes=\"auto, (max-width: 300px) 100vw, 300px\" \/><\/p>\n<p>O pr\u00f3ximo encontro entre deputados estaduais da base aliada com o governador Camilo Santana j\u00e1 est\u00e1 agendado. E o tema tamb\u00e9m. Dever\u00e1 ser sa\u00fade p\u00fablica. De acordo com o presidente da Assembleia Legislativa do Cear\u00e1, Jos\u00e9 Sarto, \u201c\u00e9 um momento de voc\u00ea debater com mais argumentos, compreendendo que esse projeto de Governo est\u00e1, na sua m\u00e9dia, dando muito mais resultados positivos do que negativos\u201d.<br \/>\nO presidente do Poder Legislativo fez uma avalia\u00e7\u00e3o positiva do desempenho do Governo do Cear\u00e1, mesmo diante do cen\u00e1rio econ\u00f4mico desfavor\u00e1vel que persiste em \u00e2mbito nacional, conforme foi apresentado por Camilo Santana aos 39 deputados estaduais que comp\u00f5em a base governista no Parlamento Cearense, nesta segunda-feira, dia 27 de maio. \u201c\u00c9 um Estado economicamente ainda pobre, que hoje representa apenas 2% do PIB brasileiro. Mas, mesmo assim, \u00e9 refer\u00eancia em transpar\u00eancia, em gest\u00e3o fiscal, educa\u00e7\u00e3o e, em breve, ser\u00e1 em outras \u00e1reas\u201d, disse.<\/p>\n","protected":false},"excerpt":{"rendered":"<p>O pr\u00f3ximo encontro entre deputados estaduais da base aliada com o governador Camilo Santana j\u00e1 est\u00e1 agendado. E o tema tamb\u00e9m. Dever\u00e1 ser sa\u00fade p\u00fablica. De acordo com o presidente da Assembleia Legislativa do Cear\u00e1, Jos\u00e9 Sarto, \u201c\u00e9 um momento de voc\u00ea debater com mais argumentos, compreendendo que esse projeto de Governo est\u00e1, na sua m\u00e9dia, dando muito mais resultados positivos do que negativos\u201d. O presidente do Poder Legislativo fez uma avalia\u00e7\u00e3o positiva do desempenho do Governo do Cear\u00e1,&hellip;<\/p>\n","protected":false},"author":1,"featured_media":0,"comment_status":"open","ping_status":"open","sticky":false,"template":"","format":"standard","meta":{"footnotes":""},"categories":[1],"tags":[],"class_list":["post-12876","post","type-post","status-publish","format-standard","hentry","category-noticias"],"_links":{"self":[{"href":"https:\/\/blogdorogeriogomes.com.br\/noticias\/wp-json\/wp\/v2\/posts\/12876","targetHints":{"allow":["GET"]}}],"collection":[{"href":"https:\/\/blogdorogeriogomes.com.br\/noticias\/wp-json\/wp\/v2\/posts"}],"about":[{"href":"https:\/\/blogdorogeriogomes.com.br\/noticias\/wp-json\/wp\/v2\/types\/post"}],"author":[{"embeddable":true,"href":"https:\/\/blogdorogeriogomes.com.br\/noticias\/wp-json\/wp\/v2\/users\/1"}],"replies":[{"embeddable":true,"href":"https:\/\/blogdorogeriogomes.com.br\/noticias\/wp-json\/wp\/v2\/comments?post=12876"}],"version-history":[{"count":1,"href":"https:\/\/blogdorogeriogomes.com.br\/noticias\/wp-json\/wp\/v2\/posts\/12876\/revisions"}],"predecessor-version":[{"id":12878,"href":"https:\/\/blogdorogeriogomes.com.br\/noticias\/wp-json\/wp\/v2\/posts\/12876\/revisions\/12878"}],"wp:attachment":[{"href":"https:\/\/blogdorogeriogomes.com.br\/noticias\/wp-json\/wp\/v2\/media?parent=12876"}],"wp:term":[{"taxonomy":"category","embeddable":true,"href":"https:\/\/blogdorogeriogomes.com.br\/noticias\/wp-json\/wp\/v2\/categories?post=12876"},{"taxonomy":"post_tag","embeddable":true,"href":"https:\/\/blogdorogeriogomes.com.br\/noticias\/wp-json\/wp\/v2\/tags?post=12876"}],"curies":[{"name":"wp","href":"https:\/\/api.w.org\/{rel}","templated":true}]}}