{"id":12879,"date":"2019-05-28T10:37:07","date_gmt":"2019-05-28T10:37:07","guid":{"rendered":"http:\/\/blogdorogeriogomes.com.br\/?p=12879"},"modified":"2019-05-28T10:37:07","modified_gmt":"2019-05-28T10:37:07","slug":"bairro-benfica-sedia-novo-centro-de-referencia-especializado-para-populacao-em-situacao-de-rua","status":"publish","type":"post","link":"https:\/\/blogdorogeriogomes.com.br\/noticias\/2019\/05\/bairro-benfica-sedia-novo-centro-de-referencia-especializado-para-populacao-em-situacao-de-rua\/","title":{"rendered":"Bairro Benfica sedia novo Centro de Refer\u00eancia Especializado para Popula\u00e7\u00e3o em Situa\u00e7\u00e3o de Rua"},"content":{"rendered":"<p><img loading=\"lazy\" decoding=\"async\" class=\"alignnone size-medium wp-image-12880\" src=\"http:\/\/blogdorogeriogomes.com.br\/wp-content\/uploads\/2019\/05\/IMG_20190528_055220_758-300x209.jpg\" alt=\"IMG_20190528_055220_758\" width=\"300\" height=\"209\" srcset=\"https:\/\/blogdorogeriogomes.com.br\/noticias\/wp-content\/uploads\/2019\/05\/IMG_20190528_055220_758-300x209.jpg 300w, https:\/\/blogdorogeriogomes.com.br\/noticias\/wp-content\/uploads\/2019\/05\/IMG_20190528_055220_758-768x534.jpg 768w, https:\/\/blogdorogeriogomes.com.br\/noticias\/wp-content\/uploads\/2019\/05\/IMG_20190528_055220_758-1024x712.jpg 1024w\" sizes=\"auto, (max-width: 300px) 100vw, 300px\" \/><\/p>\n<p>O bairro Benfica, em Fortaleza, recebe, nesta ter\u00e7a-feira, dia 28 de maio, a nova sede do Centro de Refer\u00eancia Especializado para Popula\u00e7\u00e3o em Situa\u00e7\u00e3o de Rua (Centro Pop). O equipamento ser\u00e1 entregue pelo prefeito Roberto Cl\u00e1udio. \u00c9 uma unidade de refer\u00eancia que integra projetos, programas e servi\u00e7os, que contribuem para o exerc\u00edcio da cidadania e possibilitam a supera\u00e7\u00e3o da situa\u00e7\u00e3o de viv\u00eancia de rua.<br \/>\nNo Centro Pop, jovens, adultos, idosos e fam\u00edlias em situa\u00e7\u00e3o de rua encontram atendimentos individuais e coletivos; encaminhamentos \u00e0 rede socioassistencial e demais pol\u00edticas p\u00fablicas; oficinas socioeducativas; orienta\u00e7\u00f5es jur\u00eddicas; acesso aos servi\u00e7os b\u00e1sicos (alimenta\u00e7\u00e3o e higiene pessoal).<br \/>\nO equipamento oferece o Servi\u00e7o Especializado de Abordagem de Rua, que funciona de 8 \u00e0s 22 horas e atua em toda a cidade de Fortaleza, fazendo o contato direto com as pessoas que est\u00e3o em situa\u00e7\u00e3o de rua.<\/p>\n","protected":false},"excerpt":{"rendered":"<p>O bairro Benfica, em Fortaleza, recebe, nesta ter\u00e7a-feira, dia 28 de maio, a nova sede do Centro de Refer\u00eancia Especializado para Popula\u00e7\u00e3o em Situa\u00e7\u00e3o de Rua (Centro Pop). O equipamento ser\u00e1 entregue pelo prefeito Roberto Cl\u00e1udio. \u00c9 uma unidade de refer\u00eancia que integra projetos, programas e servi\u00e7os, que contribuem para o exerc\u00edcio da cidadania e possibilitam a supera\u00e7\u00e3o da situa\u00e7\u00e3o de viv\u00eancia de rua. No Centro Pop, jovens, adultos, idosos e fam\u00edlias em situa\u00e7\u00e3o de rua encontram atendimentos individuais&hellip;<\/p>\n","protected":false},"author":1,"featured_media":0,"comment_status":"open","ping_status":"open","sticky":false,"template":"","format":"standard","meta":{"footnotes":""},"categories":[1],"tags":[],"class_list":["post-12879","post","type-post","status-publish","format-standard","hentry","category-noticias"],"_links":{"self":[{"href":"https:\/\/blogdorogeriogomes.com.br\/noticias\/wp-json\/wp\/v2\/posts\/12879","targetHints":{"allow":["GET"]}}],"collection":[{"href":"https:\/\/blogdorogeriogomes.com.br\/noticias\/wp-json\/wp\/v2\/posts"}],"about":[{"href":"https:\/\/blogdorogeriogomes.com.br\/noticias\/wp-json\/wp\/v2\/types\/post"}],"author":[{"embeddable":true,"href":"https:\/\/blogdorogeriogomes.com.br\/noticias\/wp-json\/wp\/v2\/users\/1"}],"replies":[{"embeddable":true,"href":"https:\/\/blogdorogeriogomes.com.br\/noticias\/wp-json\/wp\/v2\/comments?post=12879"}],"version-history":[{"count":1,"href":"https:\/\/blogdorogeriogomes.com.br\/noticias\/wp-json\/wp\/v2\/posts\/12879\/revisions"}],"predecessor-version":[{"id":12881,"href":"https:\/\/blogdorogeriogomes.com.br\/noticias\/wp-json\/wp\/v2\/posts\/12879\/revisions\/12881"}],"wp:attachment":[{"href":"https:\/\/blogdorogeriogomes.com.br\/noticias\/wp-json\/wp\/v2\/media?parent=12879"}],"wp:term":[{"taxonomy":"category","embeddable":true,"href":"https:\/\/blogdorogeriogomes.com.br\/noticias\/wp-json\/wp\/v2\/categories?post=12879"},{"taxonomy":"post_tag","embeddable":true,"href":"https:\/\/blogdorogeriogomes.com.br\/noticias\/wp-json\/wp\/v2\/tags?post=12879"}],"curies":[{"name":"wp","href":"https:\/\/api.w.org\/{rel}","templated":true}]}}