{"id":12885,"date":"2019-05-28T21:10:57","date_gmt":"2019-05-28T21:10:57","guid":{"rendered":"http:\/\/blogdorogeriogomes.com.br\/?p=12885"},"modified":"2019-05-28T21:10:57","modified_gmt":"2019-05-28T21:10:57","slug":"garantia-dos-direitos-da-crianca-e-debatido-no-ii-seminario-internacional-mais-infancia-ceara","status":"publish","type":"post","link":"https:\/\/blogdorogeriogomes.com.br\/noticias\/2019\/05\/garantia-dos-direitos-da-crianca-e-debatido-no-ii-seminario-internacional-mais-infancia-ceara\/","title":{"rendered":"Garantia dos direitos da crian\u00e7a \u00e9 debatido no II Semin\u00e1rio Internacional Mais Inf\u00e2ncia Cear\u00e1"},"content":{"rendered":"<p><img loading=\"lazy\" decoding=\"async\" class=\"alignnone size-medium wp-image-12886\" src=\"http:\/\/blogdorogeriogomes.com.br\/wp-content\/uploads\/2019\/05\/190528_SEM-MAIS-INFANCIA_TS7695-1200x800-300x200.jpg\" alt=\"190528_SEM-MAIS-INFANCIA_TS7695-1200x800\" width=\"300\" height=\"200\" srcset=\"https:\/\/blogdorogeriogomes.com.br\/noticias\/wp-content\/uploads\/2019\/05\/190528_SEM-MAIS-INFANCIA_TS7695-1200x800-300x200.jpg 300w, https:\/\/blogdorogeriogomes.com.br\/noticias\/wp-content\/uploads\/2019\/05\/190528_SEM-MAIS-INFANCIA_TS7695-1200x800-768x512.jpg 768w, https:\/\/blogdorogeriogomes.com.br\/noticias\/wp-content\/uploads\/2019\/05\/190528_SEM-MAIS-INFANCIA_TS7695-1200x800-1024x683.jpg 1024w, https:\/\/blogdorogeriogomes.com.br\/noticias\/wp-content\/uploads\/2019\/05\/190528_SEM-MAIS-INFANCIA_TS7695-1200x800.jpg 1200w\" sizes=\"auto, (max-width: 300px) 100vw, 300px\" \/><\/p>\n<p>Mais de mil gestores p\u00fablicos, profissionais e representantes de entidades cearenses e de outros estados que promovem a\u00e7\u00f5es voltadas para crian\u00e7as participam at\u00e9 esta quarta-feira, dia 29 de maio, do II Semin\u00e1rio Internacional Mais Inf\u00e2ncia Cear\u00e1, que tem como tema \u201cA Garantia dos Direitos das Crian\u00e7as na Constru\u00e7\u00e3o de um Futuro Sustent\u00e1vel\u201d. Promovido pelo Governo do Cear\u00e1, no Centro de Eventos, em Fortaleza, o encontro comemora os 30 anos da Conven\u00e7\u00e3o Internacional sobre os Direitos da Crian\u00e7a. A solenidade de abertura, contou com a participa\u00e7\u00e3o do governador Camilo Santana, que, ao lado da primeira-dama On\u00e9lia Santana, idealizadora do Programa Mais Inf\u00e2ncia Cear\u00e1, e do ministro da Cidadania, Osmar Terra, foi recepcionado por grupos de crian\u00e7as e adolescentes circenses do Projeto Circo Escola e m\u00fasicos, que espalhados pelo hall de entrada demonstravam suas habilidades art\u00edsticas.<\/p>\n","protected":false},"excerpt":{"rendered":"<p>Mais de mil gestores p\u00fablicos, profissionais e representantes de entidades cearenses e de outros estados que promovem a\u00e7\u00f5es voltadas para crian\u00e7as participam at\u00e9 esta quarta-feira, dia 29 de maio, do II Semin\u00e1rio Internacional Mais Inf\u00e2ncia Cear\u00e1, que tem como tema \u201cA Garantia dos Direitos das Crian\u00e7as na Constru\u00e7\u00e3o de um Futuro Sustent\u00e1vel\u201d. Promovido pelo Governo do Cear\u00e1, no Centro de Eventos, em Fortaleza, o encontro comemora os 30 anos da Conven\u00e7\u00e3o Internacional sobre os Direitos da Crian\u00e7a. A solenidade&hellip;<\/p>\n","protected":false},"author":1,"featured_media":0,"comment_status":"open","ping_status":"open","sticky":false,"template":"","format":"standard","meta":{"footnotes":""},"categories":[1],"tags":[],"class_list":["post-12885","post","type-post","status-publish","format-standard","hentry","category-noticias"],"_links":{"self":[{"href":"https:\/\/blogdorogeriogomes.com.br\/noticias\/wp-json\/wp\/v2\/posts\/12885","targetHints":{"allow":["GET"]}}],"collection":[{"href":"https:\/\/blogdorogeriogomes.com.br\/noticias\/wp-json\/wp\/v2\/posts"}],"about":[{"href":"https:\/\/blogdorogeriogomes.com.br\/noticias\/wp-json\/wp\/v2\/types\/post"}],"author":[{"embeddable":true,"href":"https:\/\/blogdorogeriogomes.com.br\/noticias\/wp-json\/wp\/v2\/users\/1"}],"replies":[{"embeddable":true,"href":"https:\/\/blogdorogeriogomes.com.br\/noticias\/wp-json\/wp\/v2\/comments?post=12885"}],"version-history":[{"count":1,"href":"https:\/\/blogdorogeriogomes.com.br\/noticias\/wp-json\/wp\/v2\/posts\/12885\/revisions"}],"predecessor-version":[{"id":12887,"href":"https:\/\/blogdorogeriogomes.com.br\/noticias\/wp-json\/wp\/v2\/posts\/12885\/revisions\/12887"}],"wp:attachment":[{"href":"https:\/\/blogdorogeriogomes.com.br\/noticias\/wp-json\/wp\/v2\/media?parent=12885"}],"wp:term":[{"taxonomy":"category","embeddable":true,"href":"https:\/\/blogdorogeriogomes.com.br\/noticias\/wp-json\/wp\/v2\/categories?post=12885"},{"taxonomy":"post_tag","embeddable":true,"href":"https:\/\/blogdorogeriogomes.com.br\/noticias\/wp-json\/wp\/v2\/tags?post=12885"}],"curies":[{"name":"wp","href":"https:\/\/api.w.org\/{rel}","templated":true}]}}