{"id":12888,"date":"2019-05-29T09:30:58","date_gmt":"2019-05-29T09:30:58","guid":{"rendered":"http:\/\/blogdorogeriogomes.com.br\/?p=12888"},"modified":"2019-05-29T09:30:58","modified_gmt":"2019-05-29T09:30:58","slug":"senado-confirmou-a-retirada-do-coaf-de-moro-em-manobra-do-governo","status":"publish","type":"post","link":"https:\/\/blogdorogeriogomes.com.br\/noticias\/2019\/05\/senado-confirmou-a-retirada-do-coaf-de-moro-em-manobra-do-governo\/","title":{"rendered":"Senado confirmou a retirada do Coaf de Moro em manobra do Governo"},"content":{"rendered":"<p><img loading=\"lazy\" decoding=\"async\" class=\"alignnone size-medium wp-image-12889\" src=\"http:\/\/blogdorogeriogomes.com.br\/wp-content\/uploads\/2019\/05\/IMG_20190529_062659_631-300x210.jpg\" alt=\"IMG_20190529_062659_631\" width=\"300\" height=\"210\" srcset=\"https:\/\/blogdorogeriogomes.com.br\/noticias\/wp-content\/uploads\/2019\/05\/IMG_20190529_062659_631-300x210.jpg 300w, https:\/\/blogdorogeriogomes.com.br\/noticias\/wp-content\/uploads\/2019\/05\/IMG_20190529_062659_631.jpg 656w\" sizes=\"auto, (max-width: 300px) 100vw, 300px\" \/><\/p>\n<p>A perman\u00eancia do Coaf (Conselho de Controle de Atividades Financeiras) com o ministro Sergio Moro (Justi\u00e7a e Seguran\u00e7a P\u00fablica) quase acabou com a estrutura de governo planejada pelo presidente Bolsonaro (PSL).<br \/>\nCorrendo contra o rel\u00f3gio, j\u00e1 que a validade da organiza\u00e7\u00e3o dos minist\u00e9rios expiraria na segunda-feira, dia 3 de junho, o presidente Jair Bolsonaro se viu obrigado a arrega\u00e7ar as mangas. Com uma carta de socorro enviada ao Congresso e uma manobra do l\u00edder do governo na casa, o Senado carimbou a retirada do \u00f3rg\u00e3o de controle das m\u00e3os do ministro oriundo da Lava Jato.<br \/>\nO texto-base da medida provis\u00f3ria 870 foi aprovado por 70 votos a quatro. Bolsonaro foi aconselhado a recuar e buscar melhor di\u00e1logo com os presidentes das Casas Legislativas, assim como foi alertado para o risco de a MP 870 caducar e passar a valer a estrutura vigente no \u00faltimo dia do governo Temer (MDB): 29 minist\u00e9rios, e n\u00e3o com os 22 atuais.<\/p>\n","protected":false},"excerpt":{"rendered":"<p>A perman\u00eancia do Coaf (Conselho de Controle de Atividades Financeiras) com o ministro Sergio Moro (Justi\u00e7a e Seguran\u00e7a P\u00fablica) quase acabou com a estrutura de governo planejada pelo presidente Bolsonaro (PSL). Correndo contra o rel\u00f3gio, j\u00e1 que a validade da organiza\u00e7\u00e3o dos minist\u00e9rios expiraria na segunda-feira, dia 3 de junho, o presidente Jair Bolsonaro se viu obrigado a arrega\u00e7ar as mangas. Com uma carta de socorro enviada ao Congresso e uma manobra do l\u00edder do governo na casa, o&hellip;<\/p>\n","protected":false},"author":1,"featured_media":0,"comment_status":"open","ping_status":"open","sticky":false,"template":"","format":"standard","meta":{"footnotes":""},"categories":[1],"tags":[],"class_list":["post-12888","post","type-post","status-publish","format-standard","hentry","category-noticias"],"_links":{"self":[{"href":"https:\/\/blogdorogeriogomes.com.br\/noticias\/wp-json\/wp\/v2\/posts\/12888","targetHints":{"allow":["GET"]}}],"collection":[{"href":"https:\/\/blogdorogeriogomes.com.br\/noticias\/wp-json\/wp\/v2\/posts"}],"about":[{"href":"https:\/\/blogdorogeriogomes.com.br\/noticias\/wp-json\/wp\/v2\/types\/post"}],"author":[{"embeddable":true,"href":"https:\/\/blogdorogeriogomes.com.br\/noticias\/wp-json\/wp\/v2\/users\/1"}],"replies":[{"embeddable":true,"href":"https:\/\/blogdorogeriogomes.com.br\/noticias\/wp-json\/wp\/v2\/comments?post=12888"}],"version-history":[{"count":1,"href":"https:\/\/blogdorogeriogomes.com.br\/noticias\/wp-json\/wp\/v2\/posts\/12888\/revisions"}],"predecessor-version":[{"id":12890,"href":"https:\/\/blogdorogeriogomes.com.br\/noticias\/wp-json\/wp\/v2\/posts\/12888\/revisions\/12890"}],"wp:attachment":[{"href":"https:\/\/blogdorogeriogomes.com.br\/noticias\/wp-json\/wp\/v2\/media?parent=12888"}],"wp:term":[{"taxonomy":"category","embeddable":true,"href":"https:\/\/blogdorogeriogomes.com.br\/noticias\/wp-json\/wp\/v2\/categories?post=12888"},{"taxonomy":"post_tag","embeddable":true,"href":"https:\/\/blogdorogeriogomes.com.br\/noticias\/wp-json\/wp\/v2\/tags?post=12888"}],"curies":[{"name":"wp","href":"https:\/\/api.w.org\/{rel}","templated":true}]}}