{"id":12891,"date":"2019-05-29T10:33:10","date_gmt":"2019-05-29T10:33:10","guid":{"rendered":"http:\/\/blogdorogeriogomes.com.br\/?p=12891"},"modified":"2019-05-29T10:33:10","modified_gmt":"2019-05-29T10:33:10","slug":"senador-flavio-bolsonaro-recorre-pela-terceira-vez-para-impedir-quebra-de-sigilo-bancario","status":"publish","type":"post","link":"https:\/\/blogdorogeriogomes.com.br\/noticias\/2019\/05\/senador-flavio-bolsonaro-recorre-pela-terceira-vez-para-impedir-quebra-de-sigilo-bancario\/","title":{"rendered":"Senador Fl\u00e1vio Bolsonaro recorre pela terceira vez para impedir quebra de sigilo banc\u00e1rio"},"content":{"rendered":"<p><img loading=\"lazy\" decoding=\"async\" class=\"alignnone size-medium wp-image-12892\" src=\"http:\/\/blogdorogeriogomes.com.br\/wp-content\/uploads\/2019\/05\/IMG_20190529_072737_146-300x213.jpg\" alt=\"IMG_20190529_072737_146\" width=\"300\" height=\"213\" srcset=\"https:\/\/blogdorogeriogomes.com.br\/noticias\/wp-content\/uploads\/2019\/05\/IMG_20190529_072737_146-300x213.jpg 300w, https:\/\/blogdorogeriogomes.com.br\/noticias\/wp-content\/uploads\/2019\/05\/IMG_20190529_072737_146.jpg 721w\" sizes=\"auto, (max-width: 300px) 100vw, 300px\" \/><\/p>\n<p>O senador Fl\u00e1vio Bolsonaro (PSL-RJ) prop\u00f4s a terceira medida judicial contra a investiga\u00e7\u00e3o do Minist\u00e9rio P\u00fablico do Rio de Janeiro sobre supostas pr\u00e1ticas de crimes em seu gabinete na Assembleia Legislativa do Rio de Janeiro.<br \/>\nA defesa do filho do presidente Jair Bolsonaro (PSL) apresentou na semana passada um pedido de habeas corpus ao Tribunal de Justi\u00e7a do Rio de Janeiro contra a decis\u00e3o do juiz Fl\u00e1vio Itabaiana, da 27\u00aa Vara Criminal, que determinou as quebras de seus sigilos banc\u00e1rio e fiscal.<br \/>\nSegundo o Minist\u00e9rio P\u00fablico do Rio, h\u00e1 ind\u00edcios robustos dos crimes de peculato, lavagem de dinheiro e organiza\u00e7\u00e3o criminosa no gabinete de Fl\u00e1vio de 2007 a 2018, per\u00edodo em que Queiroz trabalhou com o ent\u00e3o deputado estadual como uma esp\u00e9cie de chefe de gabinete.<\/p>\n","protected":false},"excerpt":{"rendered":"<p>O senador Fl\u00e1vio Bolsonaro (PSL-RJ) prop\u00f4s a terceira medida judicial contra a investiga\u00e7\u00e3o do Minist\u00e9rio P\u00fablico do Rio de Janeiro sobre supostas pr\u00e1ticas de crimes em seu gabinete na Assembleia Legislativa do Rio de Janeiro. A defesa do filho do presidente Jair Bolsonaro (PSL) apresentou na semana passada um pedido de habeas corpus ao Tribunal de Justi\u00e7a do Rio de Janeiro contra a decis\u00e3o do juiz Fl\u00e1vio Itabaiana, da 27\u00aa Vara Criminal, que determinou as quebras de seus sigilos&hellip;<\/p>\n","protected":false},"author":1,"featured_media":0,"comment_status":"open","ping_status":"open","sticky":false,"template":"","format":"standard","meta":{"footnotes":""},"categories":[1],"tags":[],"class_list":["post-12891","post","type-post","status-publish","format-standard","hentry","category-noticias"],"_links":{"self":[{"href":"https:\/\/blogdorogeriogomes.com.br\/noticias\/wp-json\/wp\/v2\/posts\/12891","targetHints":{"allow":["GET"]}}],"collection":[{"href":"https:\/\/blogdorogeriogomes.com.br\/noticias\/wp-json\/wp\/v2\/posts"}],"about":[{"href":"https:\/\/blogdorogeriogomes.com.br\/noticias\/wp-json\/wp\/v2\/types\/post"}],"author":[{"embeddable":true,"href":"https:\/\/blogdorogeriogomes.com.br\/noticias\/wp-json\/wp\/v2\/users\/1"}],"replies":[{"embeddable":true,"href":"https:\/\/blogdorogeriogomes.com.br\/noticias\/wp-json\/wp\/v2\/comments?post=12891"}],"version-history":[{"count":1,"href":"https:\/\/blogdorogeriogomes.com.br\/noticias\/wp-json\/wp\/v2\/posts\/12891\/revisions"}],"predecessor-version":[{"id":12893,"href":"https:\/\/blogdorogeriogomes.com.br\/noticias\/wp-json\/wp\/v2\/posts\/12891\/revisions\/12893"}],"wp:attachment":[{"href":"https:\/\/blogdorogeriogomes.com.br\/noticias\/wp-json\/wp\/v2\/media?parent=12891"}],"wp:term":[{"taxonomy":"category","embeddable":true,"href":"https:\/\/blogdorogeriogomes.com.br\/noticias\/wp-json\/wp\/v2\/categories?post=12891"},{"taxonomy":"post_tag","embeddable":true,"href":"https:\/\/blogdorogeriogomes.com.br\/noticias\/wp-json\/wp\/v2\/tags?post=12891"}],"curies":[{"name":"wp","href":"https:\/\/api.w.org\/{rel}","templated":true}]}}