{"id":12894,"date":"2019-05-29T21:27:52","date_gmt":"2019-05-29T21:27:52","guid":{"rendered":"http:\/\/blogdorogeriogomes.com.br\/?p=12894"},"modified":"2019-05-29T21:27:52","modified_gmt":"2019-05-29T21:27:52","slug":"antigo-centro-de-convencoes-em-fortaleza-deve-se-transformar-em-complexo-cultural","status":"publish","type":"post","link":"https:\/\/blogdorogeriogomes.com.br\/noticias\/2019\/05\/antigo-centro-de-convencoes-em-fortaleza-deve-se-transformar-em-complexo-cultural\/","title":{"rendered":"Antigo Centro de Conven\u00e7\u00f5es em Fortaleza deve se transformar em complexo cultural"},"content":{"rendered":"<p><img loading=\"lazy\" decoding=\"async\" class=\"alignnone size-medium wp-image-12895\" src=\"http:\/\/blogdorogeriogomes.com.br\/wp-content\/uploads\/2019\/05\/IMG_20190529_182409_995-300x212.jpg\" alt=\"IMG_20190529_182409_995\" width=\"300\" height=\"212\" srcset=\"https:\/\/blogdorogeriogomes.com.br\/noticias\/wp-content\/uploads\/2019\/05\/IMG_20190529_182409_995-300x212.jpg 300w, https:\/\/blogdorogeriogomes.com.br\/noticias\/wp-content\/uploads\/2019\/05\/IMG_20190529_182409_995-768x542.jpg 768w, https:\/\/blogdorogeriogomes.com.br\/noticias\/wp-content\/uploads\/2019\/05\/IMG_20190529_182409_995-1024x723.jpg 1024w, https:\/\/blogdorogeriogomes.com.br\/noticias\/wp-content\/uploads\/2019\/05\/IMG_20190529_182409_995.jpg 1076w\" sizes=\"auto, (max-width: 300px) 100vw, 300px\" \/><\/p>\n<p>A a\u00e9rea do pr\u00e9dio do antigo Centro de Conven\u00e7\u00f5es de Fortaleza, localizado na avenida Washington Soares, vai, finalmente, ganhar uma nova destina\u00e7\u00e3o. O Governo do Cear\u00e1 confirmou a doa\u00e7\u00e3o do terreno de 17.225 m\u00b2 para a Funda\u00e7\u00e3o Edson Queiroz. A \u00e1rea pertencia formalmente \u00e0 Companhia de Desenvolvimento Industrial do Cear\u00e1 (Codece) e tinha como \u00fanica edifica\u00e7\u00e3o o desativado Centro de Conven\u00e7\u00f5es.<br \/>\nNo local ser\u00e1 constru\u00eddo um complexo de arte e cultura, composto por museu, teatro e salas multifuncionais. Os investimentos para a obra, segundo o Di\u00e1rio Oficial do Estado, ser\u00e3o todos feitos pela Funda\u00e7\u00e3o Edson Queiroz. O espa\u00e7o est\u00e1 localizado ao lado do Centro de Eventos do Cear\u00e1, que j\u00e1 recebe eventos nacionais e internacionais.<\/p>\n<p>Foto: Evil\u00e1zio Bezerra<\/p>\n","protected":false},"excerpt":{"rendered":"<p>A a\u00e9rea do pr\u00e9dio do antigo Centro de Conven\u00e7\u00f5es de Fortaleza, localizado na avenida Washington Soares, vai, finalmente, ganhar uma nova destina\u00e7\u00e3o. O Governo do Cear\u00e1 confirmou a doa\u00e7\u00e3o do terreno de 17.225 m\u00b2 para a Funda\u00e7\u00e3o Edson Queiroz. A \u00e1rea pertencia formalmente \u00e0 Companhia de Desenvolvimento Industrial do Cear\u00e1 (Codece) e tinha como \u00fanica edifica\u00e7\u00e3o o desativado Centro de Conven\u00e7\u00f5es. No local ser\u00e1 constru\u00eddo um complexo de arte e cultura, composto por museu, teatro e salas multifuncionais. Os&hellip;<\/p>\n","protected":false},"author":1,"featured_media":0,"comment_status":"open","ping_status":"open","sticky":false,"template":"","format":"standard","meta":{"footnotes":""},"categories":[1],"tags":[],"class_list":["post-12894","post","type-post","status-publish","format-standard","hentry","category-noticias"],"_links":{"self":[{"href":"https:\/\/blogdorogeriogomes.com.br\/noticias\/wp-json\/wp\/v2\/posts\/12894","targetHints":{"allow":["GET"]}}],"collection":[{"href":"https:\/\/blogdorogeriogomes.com.br\/noticias\/wp-json\/wp\/v2\/posts"}],"about":[{"href":"https:\/\/blogdorogeriogomes.com.br\/noticias\/wp-json\/wp\/v2\/types\/post"}],"author":[{"embeddable":true,"href":"https:\/\/blogdorogeriogomes.com.br\/noticias\/wp-json\/wp\/v2\/users\/1"}],"replies":[{"embeddable":true,"href":"https:\/\/blogdorogeriogomes.com.br\/noticias\/wp-json\/wp\/v2\/comments?post=12894"}],"version-history":[{"count":1,"href":"https:\/\/blogdorogeriogomes.com.br\/noticias\/wp-json\/wp\/v2\/posts\/12894\/revisions"}],"predecessor-version":[{"id":12896,"href":"https:\/\/blogdorogeriogomes.com.br\/noticias\/wp-json\/wp\/v2\/posts\/12894\/revisions\/12896"}],"wp:attachment":[{"href":"https:\/\/blogdorogeriogomes.com.br\/noticias\/wp-json\/wp\/v2\/media?parent=12894"}],"wp:term":[{"taxonomy":"category","embeddable":true,"href":"https:\/\/blogdorogeriogomes.com.br\/noticias\/wp-json\/wp\/v2\/categories?post=12894"},{"taxonomy":"post_tag","embeddable":true,"href":"https:\/\/blogdorogeriogomes.com.br\/noticias\/wp-json\/wp\/v2\/tags?post=12894"}],"curies":[{"name":"wp","href":"https:\/\/api.w.org\/{rel}","templated":true}]}}