{"id":12897,"date":"2019-05-29T21:54:59","date_gmt":"2019-05-29T21:54:59","guid":{"rendered":"http:\/\/blogdorogeriogomes.com.br\/?p=12897"},"modified":"2019-05-29T21:54:59","modified_gmt":"2019-05-29T21:54:59","slug":"ceara-envia-agentes-penitenciarios-para-ajudar-na-crise-dos-presidios-no-amazonas","status":"publish","type":"post","link":"https:\/\/blogdorogeriogomes.com.br\/noticias\/2019\/05\/ceara-envia-agentes-penitenciarios-para-ajudar-na-crise-dos-presidios-no-amazonas\/","title":{"rendered":"Cear\u00e1 envia agentes penitenci\u00e1rios para ajudar na crise dos pres\u00eddios no Amazonas"},"content":{"rendered":"<p><img loading=\"lazy\" decoding=\"async\" class=\"alignnone size-medium wp-image-12898\" src=\"http:\/\/blogdorogeriogomes.com.br\/wp-content\/uploads\/2019\/05\/IMG_20190529_183710_535-300x203.jpg\" alt=\"IMG_20190529_183710_535\" width=\"300\" height=\"203\" srcset=\"https:\/\/blogdorogeriogomes.com.br\/noticias\/wp-content\/uploads\/2019\/05\/IMG_20190529_183710_535-300x203.jpg 300w, https:\/\/blogdorogeriogomes.com.br\/noticias\/wp-content\/uploads\/2019\/05\/IMG_20190529_183710_535-768x520.jpg 768w, https:\/\/blogdorogeriogomes.com.br\/noticias\/wp-content\/uploads\/2019\/05\/IMG_20190529_183710_535-1024x693.jpg 1024w, https:\/\/blogdorogeriogomes.com.br\/noticias\/wp-content\/uploads\/2019\/05\/IMG_20190529_183710_535.jpg 1115w\" sizes=\"auto, (max-width: 300px) 100vw, 300px\" \/><br \/>\nO Cear\u00e1 enviou 20 agentes penitenci\u00e1rios para ajudar na crise dos pres\u00eddios no Amazonas. Os agentes embarcaram nesta quarta-feira, dia 29 de maio, e v\u00e3o colaborar na For\u00e7a-Tarefa de Interven\u00e7\u00e3o Penitenci\u00e1ria, em Manaus, depois da chacina que deixou 55 mortos esta semana. O Estado do Amazonas pediu apoio ao Governo Federal para interven\u00e7\u00e3o nas unidades. Os agentes cearenses v\u00e3o permanecer no Amazonas por tempo indeterminado.<br \/>\nO grupo que viajou para a Regi\u00e3o Norte passou por treinamentos no novo modelo de gest\u00e3o implantado pelo secret\u00e1rio de Administra\u00e7\u00e3o Penitenci\u00e1ria, Luiz Mauro Albuquerque, no sistema prisional do Cear\u00e1.<\/p>\n","protected":false},"excerpt":{"rendered":"<p>O Cear\u00e1 enviou 20 agentes penitenci\u00e1rios para ajudar na crise dos pres\u00eddios no Amazonas. Os agentes embarcaram nesta quarta-feira, dia 29 de maio, e v\u00e3o colaborar na For\u00e7a-Tarefa de Interven\u00e7\u00e3o Penitenci\u00e1ria, em Manaus, depois da chacina que deixou 55 mortos esta semana. O Estado do Amazonas pediu apoio ao Governo Federal para interven\u00e7\u00e3o nas unidades. Os agentes cearenses v\u00e3o permanecer no Amazonas por tempo indeterminado. O grupo que viajou para a Regi\u00e3o Norte passou por treinamentos no novo modelo&hellip;<\/p>\n","protected":false},"author":1,"featured_media":0,"comment_status":"open","ping_status":"open","sticky":false,"template":"","format":"standard","meta":{"footnotes":""},"categories":[1],"tags":[],"class_list":["post-12897","post","type-post","status-publish","format-standard","hentry","category-noticias"],"_links":{"self":[{"href":"https:\/\/blogdorogeriogomes.com.br\/noticias\/wp-json\/wp\/v2\/posts\/12897","targetHints":{"allow":["GET"]}}],"collection":[{"href":"https:\/\/blogdorogeriogomes.com.br\/noticias\/wp-json\/wp\/v2\/posts"}],"about":[{"href":"https:\/\/blogdorogeriogomes.com.br\/noticias\/wp-json\/wp\/v2\/types\/post"}],"author":[{"embeddable":true,"href":"https:\/\/blogdorogeriogomes.com.br\/noticias\/wp-json\/wp\/v2\/users\/1"}],"replies":[{"embeddable":true,"href":"https:\/\/blogdorogeriogomes.com.br\/noticias\/wp-json\/wp\/v2\/comments?post=12897"}],"version-history":[{"count":1,"href":"https:\/\/blogdorogeriogomes.com.br\/noticias\/wp-json\/wp\/v2\/posts\/12897\/revisions"}],"predecessor-version":[{"id":12899,"href":"https:\/\/blogdorogeriogomes.com.br\/noticias\/wp-json\/wp\/v2\/posts\/12897\/revisions\/12899"}],"wp:attachment":[{"href":"https:\/\/blogdorogeriogomes.com.br\/noticias\/wp-json\/wp\/v2\/media?parent=12897"}],"wp:term":[{"taxonomy":"category","embeddable":true,"href":"https:\/\/blogdorogeriogomes.com.br\/noticias\/wp-json\/wp\/v2\/categories?post=12897"},{"taxonomy":"post_tag","embeddable":true,"href":"https:\/\/blogdorogeriogomes.com.br\/noticias\/wp-json\/wp\/v2\/tags?post=12897"}],"curies":[{"name":"wp","href":"https:\/\/api.w.org\/{rel}","templated":true}]}}