{"id":12900,"date":"2019-05-30T08:44:28","date_gmt":"2019-05-30T08:44:28","guid":{"rendered":"http:\/\/blogdorogeriogomes.com.br\/?p=12900"},"modified":"2019-05-30T08:44:28","modified_gmt":"2019-05-30T08:44:28","slug":"tce-analisa-contas-de-2018-do-governador-camilo-santana-nesta-quinta-feira","status":"publish","type":"post","link":"https:\/\/blogdorogeriogomes.com.br\/noticias\/2019\/05\/tce-analisa-contas-de-2018-do-governador-camilo-santana-nesta-quinta-feira\/","title":{"rendered":"TCE analisa contas de 2018 do governador Camilo Santana nesta quinta-feira"},"content":{"rendered":"<p><img loading=\"lazy\" decoding=\"async\" class=\"alignnone size-medium wp-image-12901\" src=\"http:\/\/blogdorogeriogomes.com.br\/wp-content\/uploads\/2019\/05\/IMG_20190530_053953_993-300x182.jpg\" alt=\"IMG_20190530_053953_993\" width=\"300\" height=\"182\" srcset=\"https:\/\/blogdorogeriogomes.com.br\/noticias\/wp-content\/uploads\/2019\/05\/IMG_20190530_053953_993-300x182.jpg 300w, https:\/\/blogdorogeriogomes.com.br\/noticias\/wp-content\/uploads\/2019\/05\/IMG_20190530_053953_993.jpg 611w\" sizes=\"auto, (max-width: 300px) 100vw, 300px\" \/><\/p>\n<p>O Tribunal de Contas do Estado do Cear\u00e1 (TCE) analisa nesta quinta-feira, dia 30 de maio, as contas do governador Camilo Santana, referentes ao exerc\u00edcio de 2018. A conselheira Patr\u00edcia Saboya vai apresentar um parecer para an\u00e1lise dos outros conselheiros. O colegiado deve se posicionar pela aprova\u00e7\u00e3o com ressalvas, de acordo com expectativas nos bastidores do TCE. Depois disso, as contas seguem para vota\u00e7\u00e3o na Assembleia Legislativa do Cear\u00e1.<br \/>\nAs informa\u00e7\u00f5es de bastidores \u00e9 que no parecer h\u00e1 muitas ressalvas e recomenda\u00e7\u00f5es ao Governo do Estado. O documento do TCE traz apontamentos sobre limites constitucionais, demonstra\u00e7\u00f5es cont\u00e1beis, transfer\u00eancias financeiras, transpar\u00eancia e planejamento, al\u00e9m de execu\u00e7\u00e3o or\u00e7ament\u00e1ria.<\/p>\n","protected":false},"excerpt":{"rendered":"<p>O Tribunal de Contas do Estado do Cear\u00e1 (TCE) analisa nesta quinta-feira, dia 30 de maio, as contas do governador Camilo Santana, referentes ao exerc\u00edcio de 2018. A conselheira Patr\u00edcia Saboya vai apresentar um parecer para an\u00e1lise dos outros conselheiros. O colegiado deve se posicionar pela aprova\u00e7\u00e3o com ressalvas, de acordo com expectativas nos bastidores do TCE. Depois disso, as contas seguem para vota\u00e7\u00e3o na Assembleia Legislativa do Cear\u00e1. As informa\u00e7\u00f5es de bastidores \u00e9 que no parecer h\u00e1 muitas&hellip;<\/p>\n","protected":false},"author":1,"featured_media":0,"comment_status":"open","ping_status":"open","sticky":false,"template":"","format":"standard","meta":{"footnotes":""},"categories":[1],"tags":[],"class_list":["post-12900","post","type-post","status-publish","format-standard","hentry","category-noticias"],"_links":{"self":[{"href":"https:\/\/blogdorogeriogomes.com.br\/noticias\/wp-json\/wp\/v2\/posts\/12900","targetHints":{"allow":["GET"]}}],"collection":[{"href":"https:\/\/blogdorogeriogomes.com.br\/noticias\/wp-json\/wp\/v2\/posts"}],"about":[{"href":"https:\/\/blogdorogeriogomes.com.br\/noticias\/wp-json\/wp\/v2\/types\/post"}],"author":[{"embeddable":true,"href":"https:\/\/blogdorogeriogomes.com.br\/noticias\/wp-json\/wp\/v2\/users\/1"}],"replies":[{"embeddable":true,"href":"https:\/\/blogdorogeriogomes.com.br\/noticias\/wp-json\/wp\/v2\/comments?post=12900"}],"version-history":[{"count":1,"href":"https:\/\/blogdorogeriogomes.com.br\/noticias\/wp-json\/wp\/v2\/posts\/12900\/revisions"}],"predecessor-version":[{"id":12902,"href":"https:\/\/blogdorogeriogomes.com.br\/noticias\/wp-json\/wp\/v2\/posts\/12900\/revisions\/12902"}],"wp:attachment":[{"href":"https:\/\/blogdorogeriogomes.com.br\/noticias\/wp-json\/wp\/v2\/media?parent=12900"}],"wp:term":[{"taxonomy":"category","embeddable":true,"href":"https:\/\/blogdorogeriogomes.com.br\/noticias\/wp-json\/wp\/v2\/categories?post=12900"},{"taxonomy":"post_tag","embeddable":true,"href":"https:\/\/blogdorogeriogomes.com.br\/noticias\/wp-json\/wp\/v2\/tags?post=12900"}],"curies":[{"name":"wp","href":"https:\/\/api.w.org\/{rel}","templated":true}]}}