{"id":12903,"date":"2019-05-30T08:52:50","date_gmt":"2019-05-30T08:52:50","guid":{"rendered":"http:\/\/blogdorogeriogomes.com.br\/?p=12903"},"modified":"2019-05-30T08:52:50","modified_gmt":"2019-05-30T08:52:50","slug":"prefeitura-da-capital-autoriza-a-construcao-do-novo-hospital-da-crianca-de-fortaleza","status":"publish","type":"post","link":"https:\/\/blogdorogeriogomes.com.br\/noticias\/2019\/05\/prefeitura-da-capital-autoriza-a-construcao-do-novo-hospital-da-crianca-de-fortaleza\/","title":{"rendered":"Prefeitura da Capital autoriza a constru\u00e7\u00e3o do novo Hospital da Crian\u00e7a de Fortaleza"},"content":{"rendered":"<p><img loading=\"lazy\" decoding=\"async\" class=\"alignnone size-medium wp-image-12904\" src=\"http:\/\/blogdorogeriogomes.com.br\/wp-content\/uploads\/2019\/05\/IMG_20190530_054849_921-300x231.jpg\" alt=\"IMG_20190530_054849_921\" width=\"300\" height=\"231\" srcset=\"https:\/\/blogdorogeriogomes.com.br\/noticias\/wp-content\/uploads\/2019\/05\/IMG_20190530_054849_921-300x231.jpg 300w, https:\/\/blogdorogeriogomes.com.br\/noticias\/wp-content\/uploads\/2019\/05\/IMG_20190530_054849_921-768x590.jpg 768w, https:\/\/blogdorogeriogomes.com.br\/noticias\/wp-content\/uploads\/2019\/05\/IMG_20190530_054849_921-1024x787.jpg 1024w\" sizes=\"auto, (max-width: 300px) 100vw, 300px\" \/><\/p>\n<p>Fortaleza vai ganhar um refor\u00e7o no atendimento infantil no setor de sa\u00fade p\u00fablica. O prefeito Roberto Cl\u00e1udio assinou, nesta quarta-feira, dia 29 de maio, no Pa\u00e7o Municipal, a ordem de servi\u00e7o para a constru\u00e7\u00e3o do primeiro Hospital da Crian\u00e7a de Fortaleza.<br \/>\nO futuro equipamento far\u00e1 parte do Complexo Hospitalar Materno Infantil (ao lado do Hospital Dra. Zilda Arns Neumann \/ Hospital da Mulher). Ser\u00e3o dois pavimentos, numa \u00e1rea de cerca de 4 mil metros quadrados. A estrutura ter\u00e1 104 leitos, servi\u00e7o de urg\u00eancia e emerg\u00eancia, internamento cl\u00ednico e cir\u00fargico com atendimento humanizado e espa\u00e7os l\u00fadicos com brinquedoteca, cinema, sal\u00e3o de beleza e parquinho para possibilitar uma interna\u00e7\u00e3o menos traum\u00e1tica para pais e filhos.<br \/>\nA nova unidade vai desafogar o IJF e o Hospital Infantil Albert Sabin, que apesar de serem de grande complexidade, atendem crian\u00e7as com doen\u00e7as menos graves. Com a constru\u00e7\u00e3o do Hospital, o n\u00famero de leitos infantis aumentar\u00e1 de 45 para 104, com incremento de 131% na rede hospitalar pedi\u00e1trica do Munic\u00edpio. O Hospital da Crian\u00e7a vai viabilizar, tamb\u00e9m, o aumento de 266,66% da capacidade instalada de internamento, passando de 150 para 550 interna\u00e7\u00f5es\/m\u00eas.<\/p>\n","protected":false},"excerpt":{"rendered":"<p>Fortaleza vai ganhar um refor\u00e7o no atendimento infantil no setor de sa\u00fade p\u00fablica. O prefeito Roberto Cl\u00e1udio assinou, nesta quarta-feira, dia 29 de maio, no Pa\u00e7o Municipal, a ordem de servi\u00e7o para a constru\u00e7\u00e3o do primeiro Hospital da Crian\u00e7a de Fortaleza. O futuro equipamento far\u00e1 parte do Complexo Hospitalar Materno Infantil (ao lado do Hospital Dra. Zilda Arns Neumann \/ Hospital da Mulher). Ser\u00e3o dois pavimentos, numa \u00e1rea de cerca de 4 mil metros quadrados. A estrutura ter\u00e1 104&hellip;<\/p>\n","protected":false},"author":1,"featured_media":0,"comment_status":"open","ping_status":"open","sticky":false,"template":"","format":"standard","meta":{"footnotes":""},"categories":[1],"tags":[],"class_list":["post-12903","post","type-post","status-publish","format-standard","hentry","category-noticias"],"_links":{"self":[{"href":"https:\/\/blogdorogeriogomes.com.br\/noticias\/wp-json\/wp\/v2\/posts\/12903","targetHints":{"allow":["GET"]}}],"collection":[{"href":"https:\/\/blogdorogeriogomes.com.br\/noticias\/wp-json\/wp\/v2\/posts"}],"about":[{"href":"https:\/\/blogdorogeriogomes.com.br\/noticias\/wp-json\/wp\/v2\/types\/post"}],"author":[{"embeddable":true,"href":"https:\/\/blogdorogeriogomes.com.br\/noticias\/wp-json\/wp\/v2\/users\/1"}],"replies":[{"embeddable":true,"href":"https:\/\/blogdorogeriogomes.com.br\/noticias\/wp-json\/wp\/v2\/comments?post=12903"}],"version-history":[{"count":1,"href":"https:\/\/blogdorogeriogomes.com.br\/noticias\/wp-json\/wp\/v2\/posts\/12903\/revisions"}],"predecessor-version":[{"id":12905,"href":"https:\/\/blogdorogeriogomes.com.br\/noticias\/wp-json\/wp\/v2\/posts\/12903\/revisions\/12905"}],"wp:attachment":[{"href":"https:\/\/blogdorogeriogomes.com.br\/noticias\/wp-json\/wp\/v2\/media?parent=12903"}],"wp:term":[{"taxonomy":"category","embeddable":true,"href":"https:\/\/blogdorogeriogomes.com.br\/noticias\/wp-json\/wp\/v2\/categories?post=12903"},{"taxonomy":"post_tag","embeddable":true,"href":"https:\/\/blogdorogeriogomes.com.br\/noticias\/wp-json\/wp\/v2\/tags?post=12903"}],"curies":[{"name":"wp","href":"https:\/\/api.w.org\/{rel}","templated":true}]}}